{"id":1212,"date":"2024-11-22T17:23:46","date_gmt":"2024-11-22T15:23:46","guid":{"rendered":"https:\/\/www.inreghin.ro\/gradinita-pp5\/?p=1212"},"modified":"2024-11-25T19:09:37","modified_gmt":"2024-11-25T17:09:37","slug":"outdoor-entru-viitor-mai-2024","status":"publish","type":"post","link":"https:\/\/www.inreghin.ro\/gradinita-pp5\/2024\/11\/22\/outdoor-entru-viitor-mai-2024\/","title":{"rendered":"OUTDOOR PENTRU VIITOR, MAI 2024"},"content":{"rendered":"\t\t<div data-elementor-type=\"wp-post\" data-elementor-id=\"1212\" class=\"elementor elementor-1212\">\n\t\t\t\t\t\t<section class=\"elementor-section elementor-top-section elementor-element elementor-element-9229529 elementor-section-boxed elementor-section-height-default elementor-section-height-default\" data-id=\"9229529\" data-element_type=\"section\" data-e-type=\"section\">\n\t\t\t\t\t\t<div class=\"elementor-container elementor-column-gap-default\">\n\t\t\t\t\t<div class=\"elementor-column elementor-col-100 elementor-top-column elementor-element elementor-element-d2e85bb\" data-id=\"d2e85bb\" data-element_type=\"column\" data-e-type=\"column\">\n\t\t\t<div class=\"elementor-widget-wrap elementor-element-populated\">\n\t\t\t\t\t\t<div class=\"elementor-element elementor-element-053c46a elementor-widget elementor-widget-heading\" data-id=\"053c46a\" data-element_type=\"widget\" data-e-type=\"widget\" data-widget_type=\"heading.default\">\n\t\t\t\t<div class=\"elementor-widget-container\">\n\t\t\t\t\t<h2 class=\"elementor-heading-title elementor-size-default\">Concurs jude\u021bean \n\"Outdoor pentru viitor\", \nMAI 2024<\/h2>\t\t\t\t<\/div>\n\t\t\t\t<\/div>\n\t\t\t\t<div class=\"elementor-element elementor-element-a3d954a elementor-align-center elementor-widget elementor-widget-button\" data-id=\"a3d954a\" data-element_type=\"widget\" data-e-type=\"widget\" data-widget_type=\"button.default\">\n\t\t\t\t<div class=\"elementor-widget-container\">\n\t\t\t\t\t\t\t\t\t<div class=\"elementor-button-wrapper\">\n\t\t\t\t\t<a class=\"elementor-button elementor-button-link elementor-size-md\" href=\"https:\/\/drive.google.com\/file\/d\/1mKoqHjbBOMq2nmnlmj6VjB7Id0WkKuKU\/view?usp=drive_link\" target=\"_blank\">\n\t\t\t\t\t\t<span class=\"elementor-button-content-wrapper\">\n\t\t\t\t\t\t<span class=\"elementor-button-icon\">\n\t\t\t\t<i aria-hidden=\"true\" class=\"far fa-check-square\"><\/i>\t\t\t<\/span>\n\t\t\t\t\t\t\t\t\t<span class=\"elementor-button-text\">VOLUM \"OUTDOOR PENTRU VIITOR\"<\/span>\n\t\t\t\t\t<\/span>\n\t\t\t\t\t<\/a>\n\t\t\t\t<\/div>\n\t\t\t\t\t\t\t\t<\/div>\n\t\t\t\t<\/div>\n\t\t\t\t\t<\/div>\n\t\t<\/div>\n\t\t\t\t\t<\/div>\n\t\t<\/section>\n\t\t\t\t<section class=\"elementor-section elementor-top-section elementor-element elementor-element-2680692 elementor-section-boxed elementor-section-height-default elementor-section-height-default\" data-id=\"2680692\" data-element_type=\"section\" data-e-type=\"section\">\n\t\t\t\t\t\t<div class=\"elementor-container elementor-column-gap-default\">\n\t\t\t\t\t<div class=\"elementor-column elementor-col-100 elementor-top-column elementor-element elementor-element-8a5cc3d\" data-id=\"8a5cc3d\" data-element_type=\"column\" data-e-type=\"column\">\n\t\t\t<div class=\"elementor-widget-wrap elementor-element-populated\">\n\t\t\t\t\t\t<div class=\"elementor-element elementor-element-85ae243 elementor-widget elementor-widget-text-editor\" data-id=\"85ae243\" data-element_type=\"widget\" data-e-type=\"widget\" data-widget_type=\"text-editor.default\">\n\t\t\t\t<div class=\"elementor-widget-container\">\n\t\t\t\t\t\t\t\t\t<p dir=\"ltr\" style=\"line-height: 1.295;margin-top: 0pt;margin-bottom: 8pt\"><span style=\"font-size: 12pt;font-family: 'Times New Roman',serif;color: #000000;background-color: transparent;font-weight: 400;font-style: normal;font-variant: normal;text-decoration: none;vertical-align: baseline\">Proiectul Educa\u021bional \u201eOutdoor pentru viitor\u201d \u2013 edi\u021bia I- faza jude\u021bean\u0103, s-a desf\u0103\u0219urat \u00een luna mai-iunie 2024, urm\u0103rindu-se etapele \u0219i regulile din <\/span><span style=\"font-size: 12pt;font-family: 'Times New Roman', serif;background-color: transparent;font-weight: 400;font-style: normal;font-variant: normal;vertical-align: baseline\">regulamentul concursului cu participare indirect\u0103<\/span><span style=\"font-size: 12pt;font-family: 'Times New Roman',serif;color: #000000;background-color: transparent;font-weight: 400;font-style: normal;font-variant: normal;text-decoration: none;vertical-align: baseline\"> \u0219i <\/span><span style=\"font-size: 12pt;font-family: 'Times New Roman', serif;background-color: transparent;font-weight: 400;font-style: normal;font-variant: normal;vertical-align: baseline\">regulamentul concursului cu participare direct\u0103<\/span><span style=\"font-size: 12pt;font-family: 'Times New Roman', serif;background-color: transparent;font-weight: 400;font-style: normal;font-variant: normal;text-decoration: none;vertical-align: baseline\">\u00a0 <\/span><span style=\"font-size: 12pt;font-family: 'Times New Roman',serif;color: #000000;background-color: transparent;font-weight: 400;font-style: normal;font-variant: normal;text-decoration: none;vertical-align: baseline\">.<\/span><\/p><p dir=\"ltr\" style=\"line-height: 1.295;margin-top: 0pt;margin-bottom: 8pt\"><span style=\"font-size: 12pt;font-family: 'Times New Roman',serif;color: #000000;background-color: transparent;font-weight: 400;font-style: normal;font-variant: normal;text-decoration: none;vertical-align: baseline\">Partenerii implica\u0163i \u00een proiect au fost urm\u0103torii:\u00a0<\/span><\/p><ul style=\"margin-top: 0;margin-bottom: 0;padding-inline-start: 48px\"><li dir=\"ltr\" style=\"list-style-type: disc;font-size: 12pt;font-family: 'Times New Roman',serif;color: #000000;background-color: transparent;font-weight: 400;font-style: normal;font-variant: normal;text-decoration: none;vertical-align: baseline\"><p dir=\"ltr\" style=\"line-height: 1.295;margin-top: 0pt;margin-bottom: 8pt\" role=\"presentation\"><span style=\"font-size: 12pt;font-family: 'Times New Roman',serif;color: #000000;background-color: transparent;font-weight: 400;font-style: normal;font-variant: normal;text-decoration: none;vertical-align: baseline\">Gr\u0103dini\u021ba cu Program Prelungit nr. 5, Reghin, 545300, str. G\u0103rii, nr. 4, telefon 0265521813, director Holirca Katherina Anabella, organizatori proiect: prof. \u00eenv. pre\u0219c. Baciu Sanda Paula, prof. \u00eenv. pre\u0219c. Bucur Alina Maria, prof. \u00eenv. pre\u0219c. Lazar Adriana.<\/span><\/p><\/li><li dir=\"ltr\" style=\"list-style-type: disc;font-size: 12pt;font-family: 'Times New Roman',serif;color: #000000;background-color: transparent;font-weight: 400;font-style: normal;font-variant: normal;text-decoration: none;vertical-align: baseline\"><p dir=\"ltr\" style=\"line-height: 1.295;margin-top: 0pt;margin-bottom: 8pt\" role=\"presentation\"><span style=\"font-size: 12pt;font-family: 'Times New Roman',serif;color: #000000;background-color: transparent;font-weight: 400;font-style: normal;font-variant: normal;text-decoration: none;vertical-align: baseline\">Prim\u0103ria Reghin, Pia\u0163a Petru Maior 39, Reghin 545300, telefon 0265511112. Prim\u0103ria Reghin ne va autoriza s\u0103 desf\u0103\u0219ur\u0103m anumite ac\u021biuni \u00een spa\u021biul public pe viitor.\u00a0<\/span><\/p><\/li><li dir=\"ltr\" style=\"list-style-type: disc;font-size: 12pt;font-family: 'Times New Roman',serif;color: #000000;background-color: transparent;font-weight: 400;font-style: normal;font-variant: normal;text-decoration: none;vertical-align: baseline\"><p dir=\"ltr\" style=\"line-height: 1.295;margin-top: 0pt;margin-bottom: 8pt\" role=\"presentation\"><span style=\"font-size: 12pt;font-family: 'Times New Roman',serif;color: #000000;background-color: transparent;font-weight: 400;font-style: normal;font-variant: normal;text-decoration: none;vertical-align: baseline\">Centrul de resurse pentru educa\u021bie \u0219i dezvoltare Reghin, str. G\u0103rii, nr.4, jude\u0163ul Mure\u015f. \u00cen CRED se vor desf\u0103\u0219ura activit\u0103\u021bi organizatorice \u0219i de jurizare.<\/span><\/p><\/li><\/ul><p dir=\"ltr\" style=\"line-height: 1.295;text-align: justify;margin-top: 0pt;margin-bottom: 8pt\"><span style=\"background-color: transparent;color: #000000;font-family: 'Times New Roman', serif;font-size: 12pt;font-style: normal;font-weight: 400;letter-spacing: 0px\">\u00a0<\/span><\/p><p dir=\"ltr\" style=\"line-height: 1.295;text-align: justify;margin-top: 0pt;margin-bottom: 8pt\"><span style=\"background-color: transparent;color: #000000;font-family: 'Times New Roman', serif;font-size: 12pt;font-style: normal;font-weight: 400;letter-spacing: 0px\">La proiect, sec\u021biunea cu participare direct\u0103, s-au \u00eenscris 4 gr\u0103dini\u021be din jude\u021b cu un num\u0103r total de 9 de echipaje, acestea fiind coordonate de un num\u0103r total de 17 cadre didactice, iar sec\u021biunea cu participare indirect\u0103 s-au trimis spre publicare 20 de articole.<\/span><\/p><p dir=\"ltr\" style=\"line-height: 1.295;text-align: justify;margin-top: 0pt;margin-bottom: 8pt\"><span style=\"font-size: 12pt;font-family: 'Times New Roman', serif;color: #000000;background-color: transparent;font-weight: 400;font-style: normal;font-variant: normal\">Lista Gr\u0103dini\u021belor: <\/span><span style=\"font-size: 10pt;font-family: Arial, sans-serif;color: #000000;background-color: transparent;font-weight: 400;font-style: normal;font-variant: normal\">Gr\u0103dini\u021ba cu program normal Solov\u0103stru, Filea, Gradinita cu Program Prelungit Emanuel, Reghin, Gr\u0103dini\u021ba cu Program Prelungit nr. 4 Reghin, Gr\u0103dini\u021ba cu Program Prelungit nr.2 Reghin, Gradinita cu Program Prelungit nr 5, Gr\u0103dini\u021ba cu Program Prelungit Nr.1, Reghin, Gr\u0103dini\u021ba cu Program Prelungit \u201cEmanuel\u201d, Reghin, Gr\u0103dini\u021ba cu Program Prelungit Zori Reghin.<\/span><\/p><p>.<\/p>\t\t\t\t\t\t\t\t<\/div>\n\t\t\t\t<\/div>\n\t\t\t\t\t<\/div>\n\t\t<\/div>\n\t\t\t\t\t<\/div>\n\t\t<\/section>\n\t\t\t\t<section class=\"elementor-section elementor-top-section elementor-element elementor-element-86c8234 elementor-section-boxed elementor-section-height-default elementor-section-height-default\" data-id=\"86c8234\" data-element_type=\"section\" data-e-type=\"section\">\n\t\t\t\t\t\t<div class=\"elementor-container elementor-column-gap-default\">\n\t\t\t\t\t<div class=\"elementor-column elementor-col-100 elementor-top-column elementor-element elementor-element-7ace5d5\" data-id=\"7ace5d5\" data-element_type=\"column\" data-e-type=\"column\">\n\t\t\t<div class=\"elementor-widget-wrap\">\n\t\t\t\t\t\t\t<\/div>\n\t\t<\/div>\n\t\t\t\t\t<\/div>\n\t\t<\/section>\n\t\t\t\t<\/div>\n\t\t","protected":false},"excerpt":{"rendered":"<p>Concurs jude\u021bean &#8220;Outdoor pentru viitor&#8221;, MAI 2024 VOLUM &#8220;OUTDOOR PENTRU VIITOR&#8221; Proiectul Educa\u021bional \u201eOutdoor pentru viitor\u201d \u2013 edi\u021bia I- faza jude\u021bean\u0103, s-a desf\u0103\u0219urat \u00een luna mai-iunie<span class=\"excerpt-hellip\"> [\u2026]<\/span><\/p>\n","protected":false},"author":10,"featured_media":0,"comment_status":"open","ping_status":"open","sticky":false,"template":"","format":"standard","meta":{"inline_featured_image":false,"footnotes":""},"categories":[1],"tags":[],"class_list":["post-1212","post","type-post","status-publish","format-standard","hentry","category-uncategorized"],"yoast_head":"<!-- This site is optimized with the Yoast SEO plugin v27.5 - https:\/\/yoast.com\/product\/yoast-seo-wordpress\/ -->\n<title>OUTDOOR PENTRU VIITOR, MAI 2024 - Gr\u0103dini\u021ba cu program prelungit nr. 5 - Reghin<\/title>\n<meta name=\"robots\" content=\"index, follow, max-snippet:-1, max-image-preview:large, max-video-preview:-1\" \/>\n<link rel=\"canonical\" href=\"https:\/\/www.inreghin.ro\/gradinita-pp5\/2024\/11\/22\/outdoor-entru-viitor-mai-2024\/\" \/>\n<meta property=\"og:locale\" content=\"en_US\" \/>\n<meta property=\"og:type\" content=\"article\" \/>\n<meta property=\"og:title\" content=\"OUTDOOR PENTRU VIITOR, MAI 2024 - Gr\u0103dini\u021ba cu program prelungit nr. 5 - Reghin\" \/>\n<meta property=\"og:description\" content=\"Concurs jude\u021bean &#8220;Outdoor pentru viitor&#8221;, MAI 2024 VOLUM &#8220;OUTDOOR PENTRU VIITOR&#8221; Proiectul Educa\u021bional \u201eOutdoor pentru viitor\u201d \u2013 edi\u021bia I- faza jude\u021bean\u0103, s-a desf\u0103\u0219urat \u00een luna mai-iunie [\u2026]\" \/>\n<meta property=\"og:url\" content=\"https:\/\/www.inreghin.ro\/gradinita-pp5\/2024\/11\/22\/outdoor-entru-viitor-mai-2024\/\" \/>\n<meta property=\"og:site_name\" content=\"Gr\u0103dini\u021ba cu program prelungit nr. 5 - Reghin\" \/>\n<meta property=\"article:author\" content=\"https:\/\/www.facebook.com\/profile.php?id=100057452319669\" \/>\n<meta property=\"article:published_time\" content=\"2024-11-22T15:23:46+00:00\" \/>\n<meta property=\"article:modified_time\" content=\"2024-11-25T17:09:37+00:00\" \/>\n<meta name=\"author\" content=\"Colectiv Gr\u0103dini\u021ba PP5\" \/>\n<meta name=\"twitter:card\" content=\"summary_large_image\" \/>\n<meta name=\"twitter:label1\" content=\"Written by\" \/>\n\t<meta name=\"twitter:data1\" content=\"Colectiv Gr\u0103dini\u021ba PP5\" \/>\n\t<meta name=\"twitter:label2\" content=\"Est. reading time\" \/>\n\t<meta name=\"twitter:data2\" content=\"1 minute\" \/>\n<script type=\"application\/ld+json\" class=\"yoast-schema-graph\">{\"@context\":\"https:\\\/\\\/schema.org\",\"@graph\":[{\"@type\":\"Article\",\"@id\":\"https:\\\/\\\/www.inreghin.ro\\\/gradinita-pp5\\\/2024\\\/11\\\/22\\\/outdoor-entru-viitor-mai-2024\\\/#article\",\"isPartOf\":{\"@id\":\"https:\\\/\\\/www.inreghin.ro\\\/gradinita-pp5\\\/2024\\\/11\\\/22\\\/outdoor-entru-viitor-mai-2024\\\/\"},\"author\":{\"name\":\"Colectiv Gr\u0103dini\u021ba PP5\",\"@id\":\"https:\\\/\\\/www.inreghin.ro\\\/gradinita-pp5\\\/#\\\/schema\\\/person\\\/72658659d77e6195982d4a13f5f98a7e\"},\"headline\":\"OUTDOOR PENTRU VIITOR, MAI 2024\",\"datePublished\":\"2024-11-22T15:23:46+00:00\",\"dateModified\":\"2024-11-25T17:09:37+00:00\",\"mainEntityOfPage\":{\"@id\":\"https:\\\/\\\/www.inreghin.ro\\\/gradinita-pp5\\\/2024\\\/11\\\/22\\\/outdoor-entru-viitor-mai-2024\\\/\"},\"wordCount\":263,\"commentCount\":0,\"inLanguage\":\"en-US\",\"potentialAction\":[{\"@type\":\"CommentAction\",\"name\":\"Comment\",\"target\":[\"https:\\\/\\\/www.inreghin.ro\\\/gradinita-pp5\\\/2024\\\/11\\\/22\\\/outdoor-entru-viitor-mai-2024\\\/#respond\"]}]},{\"@type\":\"WebPage\",\"@id\":\"https:\\\/\\\/www.inreghin.ro\\\/gradinita-pp5\\\/2024\\\/11\\\/22\\\/outdoor-entru-viitor-mai-2024\\\/\",\"url\":\"https:\\\/\\\/www.inreghin.ro\\\/gradinita-pp5\\\/2024\\\/11\\\/22\\\/outdoor-entru-viitor-mai-2024\\\/\",\"name\":\"OUTDOOR PENTRU VIITOR, MAI 2024 - Gr\u0103dini\u021ba cu program prelungit nr. 5 - Reghin\",\"isPartOf\":{\"@id\":\"https:\\\/\\\/www.inreghin.ro\\\/gradinita-pp5\\\/#website\"},\"datePublished\":\"2024-11-22T15:23:46+00:00\",\"dateModified\":\"2024-11-25T17:09:37+00:00\",\"author\":{\"@id\":\"https:\\\/\\\/www.inreghin.ro\\\/gradinita-pp5\\\/#\\\/schema\\\/person\\\/72658659d77e6195982d4a13f5f98a7e\"},\"breadcrumb\":{\"@id\":\"https:\\\/\\\/www.inreghin.ro\\\/gradinita-pp5\\\/2024\\\/11\\\/22\\\/outdoor-entru-viitor-mai-2024\\\/#breadcrumb\"},\"inLanguage\":\"en-US\",\"potentialAction\":[{\"@type\":\"ReadAction\",\"target\":[\"https:\\\/\\\/www.inreghin.ro\\\/gradinita-pp5\\\/2024\\\/11\\\/22\\\/outdoor-entru-viitor-mai-2024\\\/\"]}]},{\"@type\":\"BreadcrumbList\",\"@id\":\"https:\\\/\\\/www.inreghin.ro\\\/gradinita-pp5\\\/2024\\\/11\\\/22\\\/outdoor-entru-viitor-mai-2024\\\/#breadcrumb\",\"itemListElement\":[{\"@type\":\"ListItem\",\"position\":1,\"name\":\"Home\",\"item\":\"https:\\\/\\\/www.inreghin.ro\\\/gradinita-pp5\\\/\"},{\"@type\":\"ListItem\",\"position\":2,\"name\":\"OUTDOOR PENTRU VIITOR, MAI 2024\"}]},{\"@type\":\"WebSite\",\"@id\":\"https:\\\/\\\/www.inreghin.ro\\\/gradinita-pp5\\\/#website\",\"url\":\"https:\\\/\\\/www.inreghin.ro\\\/gradinita-pp5\\\/\",\"name\":\"Gr\u0103dini\u021ba cu program prelungit nr. 5 - Reghin\",\"description\":\"\",\"potentialAction\":[{\"@type\":\"SearchAction\",\"target\":{\"@type\":\"EntryPoint\",\"urlTemplate\":\"https:\\\/\\\/www.inreghin.ro\\\/gradinita-pp5\\\/?s={search_term_string}\"},\"query-input\":{\"@type\":\"PropertyValueSpecification\",\"valueRequired\":true,\"valueName\":\"search_term_string\"}}],\"inLanguage\":\"en-US\"},{\"@type\":\"Person\",\"@id\":\"https:\\\/\\\/www.inreghin.ro\\\/gradinita-pp5\\\/#\\\/schema\\\/person\\\/72658659d77e6195982d4a13f5f98a7e\",\"name\":\"Colectiv Gr\u0103dini\u021ba PP5\",\"image\":{\"@type\":\"ImageObject\",\"inLanguage\":\"en-US\",\"@id\":\"https:\\\/\\\/secure.gravatar.com\\\/avatar\\\/92781eea406a0437180c48dda914bf56fe6e647a3b1c970a54af27447d3120a0?s=96&d=mm&r=g\",\"url\":\"https:\\\/\\\/secure.gravatar.com\\\/avatar\\\/92781eea406a0437180c48dda914bf56fe6e647a3b1c970a54af27447d3120a0?s=96&d=mm&r=g\",\"contentUrl\":\"https:\\\/\\\/secure.gravatar.com\\\/avatar\\\/92781eea406a0437180c48dda914bf56fe6e647a3b1c970a54af27447d3120a0?s=96&d=mm&r=g\",\"caption\":\"Colectiv Gr\u0103dini\u021ba PP5\"},\"sameAs\":[\"https:\\\/\\\/www.facebook.com\\\/profile.php?id=100057452319669\"],\"url\":\"https:\\\/\\\/www.inreghin.ro\\\/gradinita-pp5\\\/author\\\/gradinitapp5\\\/\"}]}<\/script>\n<!-- \/ Yoast SEO plugin. -->","yoast_head_json":{"title":"OUTDOOR PENTRU VIITOR, MAI 2024 - Gr\u0103dini\u021ba cu program prelungit nr. 5 - Reghin","robots":{"index":"index","follow":"follow","max-snippet":"max-snippet:-1","max-image-preview":"max-image-preview:large","max-video-preview":"max-video-preview:-1"},"canonical":"https:\/\/www.inreghin.ro\/gradinita-pp5\/2024\/11\/22\/outdoor-entru-viitor-mai-2024\/","og_locale":"en_US","og_type":"article","og_title":"OUTDOOR PENTRU VIITOR, MAI 2024 - Gr\u0103dini\u021ba cu program prelungit nr. 5 - Reghin","og_description":"Concurs jude\u021bean &#8220;Outdoor pentru viitor&#8221;, MAI 2024 VOLUM &#8220;OUTDOOR PENTRU VIITOR&#8221; Proiectul Educa\u021bional \u201eOutdoor pentru viitor\u201d \u2013 edi\u021bia I- faza jude\u021bean\u0103, s-a desf\u0103\u0219urat \u00een luna mai-iunie [\u2026]","og_url":"https:\/\/www.inreghin.ro\/gradinita-pp5\/2024\/11\/22\/outdoor-entru-viitor-mai-2024\/","og_site_name":"Gr\u0103dini\u021ba cu program prelungit nr. 5 - Reghin","article_author":"https:\/\/www.facebook.com\/profile.php?id=100057452319669","article_published_time":"2024-11-22T15:23:46+00:00","article_modified_time":"2024-11-25T17:09:37+00:00","author":"Colectiv Gr\u0103dini\u021ba PP5","twitter_card":"summary_large_image","twitter_misc":{"Written by":"Colectiv Gr\u0103dini\u021ba PP5","Est. reading time":"1 minute"},"schema":{"@context":"https:\/\/schema.org","@graph":[{"@type":"Article","@id":"https:\/\/www.inreghin.ro\/gradinita-pp5\/2024\/11\/22\/outdoor-entru-viitor-mai-2024\/#article","isPartOf":{"@id":"https:\/\/www.inreghin.ro\/gradinita-pp5\/2024\/11\/22\/outdoor-entru-viitor-mai-2024\/"},"author":{"name":"Colectiv Gr\u0103dini\u021ba PP5","@id":"https:\/\/www.inreghin.ro\/gradinita-pp5\/#\/schema\/person\/72658659d77e6195982d4a13f5f98a7e"},"headline":"OUTDOOR PENTRU VIITOR, MAI 2024","datePublished":"2024-11-22T15:23:46+00:00","dateModified":"2024-11-25T17:09:37+00:00","mainEntityOfPage":{"@id":"https:\/\/www.inreghin.ro\/gradinita-pp5\/2024\/11\/22\/outdoor-entru-viitor-mai-2024\/"},"wordCount":263,"commentCount":0,"inLanguage":"en-US","potentialAction":[{"@type":"CommentAction","name":"Comment","target":["https:\/\/www.inreghin.ro\/gradinita-pp5\/2024\/11\/22\/outdoor-entru-viitor-mai-2024\/#respond"]}]},{"@type":"WebPage","@id":"https:\/\/www.inreghin.ro\/gradinita-pp5\/2024\/11\/22\/outdoor-entru-viitor-mai-2024\/","url":"https:\/\/www.inreghin.ro\/gradinita-pp5\/2024\/11\/22\/outdoor-entru-viitor-mai-2024\/","name":"OUTDOOR PENTRU VIITOR, MAI 2024 - Gr\u0103dini\u021ba cu program prelungit nr. 5 - Reghin","isPartOf":{"@id":"https:\/\/www.inreghin.ro\/gradinita-pp5\/#website"},"datePublished":"2024-11-22T15:23:46+00:00","dateModified":"2024-11-25T17:09:37+00:00","author":{"@id":"https:\/\/www.inreghin.ro\/gradinita-pp5\/#\/schema\/person\/72658659d77e6195982d4a13f5f98a7e"},"breadcrumb":{"@id":"https:\/\/www.inreghin.ro\/gradinita-pp5\/2024\/11\/22\/outdoor-entru-viitor-mai-2024\/#breadcrumb"},"inLanguage":"en-US","potentialAction":[{"@type":"ReadAction","target":["https:\/\/www.inreghin.ro\/gradinita-pp5\/2024\/11\/22\/outdoor-entru-viitor-mai-2024\/"]}]},{"@type":"BreadcrumbList","@id":"https:\/\/www.inreghin.ro\/gradinita-pp5\/2024\/11\/22\/outdoor-entru-viitor-mai-2024\/#breadcrumb","itemListElement":[{"@type":"ListItem","position":1,"name":"Home","item":"https:\/\/www.inreghin.ro\/gradinita-pp5\/"},{"@type":"ListItem","position":2,"name":"OUTDOOR PENTRU VIITOR, MAI 2024"}]},{"@type":"WebSite","@id":"https:\/\/www.inreghin.ro\/gradinita-pp5\/#website","url":"https:\/\/www.inreghin.ro\/gradinita-pp5\/","name":"Gr\u0103dini\u021ba cu program prelungit nr. 5 - Reghin","description":"","potentialAction":[{"@type":"SearchAction","target":{"@type":"EntryPoint","urlTemplate":"https:\/\/www.inreghin.ro\/gradinita-pp5\/?s={search_term_string}"},"query-input":{"@type":"PropertyValueSpecification","valueRequired":true,"valueName":"search_term_string"}}],"inLanguage":"en-US"},{"@type":"Person","@id":"https:\/\/www.inreghin.ro\/gradinita-pp5\/#\/schema\/person\/72658659d77e6195982d4a13f5f98a7e","name":"Colectiv Gr\u0103dini\u021ba PP5","image":{"@type":"ImageObject","inLanguage":"en-US","@id":"https:\/\/secure.gravatar.com\/avatar\/92781eea406a0437180c48dda914bf56fe6e647a3b1c970a54af27447d3120a0?s=96&d=mm&r=g","url":"https:\/\/secure.gravatar.com\/avatar\/92781eea406a0437180c48dda914bf56fe6e647a3b1c970a54af27447d3120a0?s=96&d=mm&r=g","contentUrl":"https:\/\/secure.gravatar.com\/avatar\/92781eea406a0437180c48dda914bf56fe6e647a3b1c970a54af27447d3120a0?s=96&d=mm&r=g","caption":"Colectiv Gr\u0103dini\u021ba PP5"},"sameAs":["https:\/\/www.facebook.com\/profile.php?id=100057452319669"],"url":"https:\/\/www.inreghin.ro\/gradinita-pp5\/author\/gradinitapp5\/"}]}},"_links":{"self":[{"href":"https:\/\/www.inreghin.ro\/gradinita-pp5\/wp-json\/wp\/v2\/posts\/1212","targetHints":{"allow":["GET"]}}],"collection":[{"href":"https:\/\/www.inreghin.ro\/gradinita-pp5\/wp-json\/wp\/v2\/posts"}],"about":[{"href":"https:\/\/www.inreghin.ro\/gradinita-pp5\/wp-json\/wp\/v2\/types\/post"}],"author":[{"embeddable":true,"href":"https:\/\/www.inreghin.ro\/gradinita-pp5\/wp-json\/wp\/v2\/users\/10"}],"replies":[{"embeddable":true,"href":"https:\/\/www.inreghin.ro\/gradinita-pp5\/wp-json\/wp\/v2\/comments?post=1212"}],"version-history":[{"count":29,"href":"https:\/\/www.inreghin.ro\/gradinita-pp5\/wp-json\/wp\/v2\/posts\/1212\/revisions"}],"predecessor-version":[{"id":1247,"href":"https:\/\/www.inreghin.ro\/gradinita-pp5\/wp-json\/wp\/v2\/posts\/1212\/revisions\/1247"}],"wp:attachment":[{"href":"https:\/\/www.inreghin.ro\/gradinita-pp5\/wp-json\/wp\/v2\/media?parent=1212"}],"wp:term":[{"taxonomy":"category","embeddable":true,"href":"https:\/\/www.inreghin.ro\/gradinita-pp5\/wp-json\/wp\/v2\/categories?post=1212"},{"taxonomy":"post_tag","embeddable":true,"href":"https:\/\/www.inreghin.ro\/gradinita-pp5\/wp-json\/wp\/v2\/tags?post=1212"}],"curies":[{"name":"wp","href":"https:\/\/api.w.org\/{rel}","templated":true}]}}