{"id":1140,"date":"2024-03-27T10:03:12","date_gmt":"2024-03-27T08:03:12","guid":{"rendered":"https:\/\/www.inreghin.ro\/gradinita-pp5\/?p=1140"},"modified":"2024-03-28T13:37:03","modified_gmt":"2024-03-28T11:37:03","slug":"mirajul-sarbatorilor-de-iarna-editia-a-iv-a","status":"publish","type":"post","link":"https:\/\/www.inreghin.ro\/gradinita-pp5\/2024\/03\/27\/mirajul-sarbatorilor-de-iarna-editia-a-iv-a\/","title":{"rendered":"\u201dMirajul S\u0103rb\u0103torilor de Iarn\u0103\u201d, edi\u021bia a IV-a, 2024"},"content":{"rendered":"\t\t<div data-elementor-type=\"wp-post\" data-elementor-id=\"1140\" class=\"elementor elementor-1140\">\n\t\t\t\t\t\t<section class=\"elementor-section elementor-top-section elementor-element elementor-element-85a4617 elementor-section-boxed elementor-section-height-default elementor-section-height-default\" data-id=\"85a4617\" data-element_type=\"section\" data-e-type=\"section\">\n\t\t\t\t\t\t<div class=\"elementor-container elementor-column-gap-default\">\n\t\t\t\t\t<div class=\"elementor-column elementor-col-100 elementor-top-column elementor-element elementor-element-7eb9981\" data-id=\"7eb9981\" data-element_type=\"column\" data-e-type=\"column\">\n\t\t\t<div class=\"elementor-widget-wrap elementor-element-populated\">\n\t\t\t\t\t\t<div class=\"elementor-element elementor-element-f100b15 elementor-widget elementor-widget-text-editor\" data-id=\"f100b15\" data-element_type=\"widget\" data-e-type=\"widget\" data-widget_type=\"text-editor.default\">\n\t\t\t\t<div class=\"elementor-widget-container\">\n\t\t\t\t\t\t\t\t\t<blockquote><div dir=\"ltr\"><div dir=\"ltr\"><p style=\"text-align: left\"><span lang=\"EN-US\">\u00cen 8 decembrie 2023 Gr\u0103dini\u021ba noastr\u0103 a g\u0103zduit Concursul \u0219i Simpozionul judetean \u201eMirajul S\u0103rb\u0103torilor de Iarn\u0103\u201d, edi\u021bia a IV-a, din cadrul Proiectului jude\u021bean cu acela\u0219i nume, cuprins \u00een Calendarul proiectelor educative CAEJ 8873\/13.10.2023.<\/span><\/p><p><span lang=\"EN-US\">Volumul izvor\u00e2t din sec\u021biunea Concurs Jude<\/span>\u021bean a<span lang=\"EN-US\">\u00a0 Proiectului\u00a0 \u201eMirajul S\u0103rb\u0103torilor de Iarn\u0103\u201d \u2013 Edi\u021bia a IV-a a urm\u0103rit promovarea valorilor practice ale educa\u0163iei interculturale. Iar scopul proiectului \u201eMirajul S\u0103rb\u0103torilor de Iarn\u0103\u201d a fost dezvoltarea capacit\u0103\u021bii copiilor de a cunoa\u015fte \u015fi \u00een\u0163elege obiceiurile \u015fi tradi\u0163iile culturale, de stimulare a curiozit\u0103\u0163ii \u00een ceea ce prive\u015fte tradi\u0163ia popular\u0103 proprie, conservarea \u0219i promovarea acestora \u0219i stabilirea unor rela\u021bii de prietenie.\u00a0<\/span><\/p><p><span lang=\"EN-US\">Deschiderea \u0219i interesul fa\u021b\u0103 de bun\u0103t\u0103\u021bile, dar \u0219i de tradi\u021biile \u0219i obiceiurile specifice anumitor zone culturale este dat\u0103 \u0219i de cadrele care au participat la acest proiect, at\u00e2t direct, c\u00e2t \u0219i indirect:<\/span><\/p><p>Prof. Nicoar\u0103 Angela Simona \u2013 Gr\u0103dini\u021ba P.P. nr.5 Reghin<\/p><p>Prof. Lazar Adriana &#8211; Gr\u0103dini\u021ba P.P. nr.5 Reghin<\/p><p>Prof. Savina Adriana \u2013 Gr\u0103dini\u021ba P.N. Petelea<\/p><p>Prof. Zaharie Mirela &#8211; Gr\u0103dini\u021ba P.P. nr.5 Reghin<\/p><p>Prof. Moldovan Violeta &#8211; Gr\u0103dini\u021ba P.P. nr.5 Reghin<\/p><p>Prof. Maier Codru\u021ba &#8211; Gr\u0103dini\u021ba P.P. nr.5 Reghin<\/p><p>Prof. Giurgiu Monica &#8211; Gr\u0103dini\u021ba P.P. nr.5 Reghin<\/p><p>Prof. S\u0171k\u0151sd Anghela &#8211; Gr\u0103dini\u021ba P.N. nr.1 Reghin<\/p><p>Prof. Oprea Daniela &#8211; Gr\u0103dini\u021ba P.P. nr.5 Reghin<\/p><p>Prof. Hagymas Cristina Laura &#8211; Gr\u0103dini\u021ba P.P. nr.5 Reghin<\/p><p>Prof. Bung\u0103rdean Adela Ramona &#8211; Gr\u0103dini\u021ba cu program prelungit AMA<\/p><p>Prof. Dandu Daniela &#8211; Gr\u0103dini\u021ba cu program prelungit AMA<\/p><p>Prof. Luca Vidia Rodica &#8211; Gr\u0103dini\u021ba P.P. nr. 4 Reghin<\/p><p>Prof. Hala\u021bi Maria &#8211; Gr\u0103dini\u021ba P.P. nr. 4 Reghin<\/p><p>Prof. M\u0103rginean Iuliana- Emanuela -\u0218cl. Gim.\u201eS. Duicu\u201d &#8211; G.P.P nr.12 Tg. Mure\u0219<\/p><p>Prof. Fodor Lucia &#8211; \u0218cl. Gim.\u201eS. Duicu\u201d &#8211; G.P.P nr.12 Tg. Mure\u0219<\/p><p>Prof. Cifu Olga-Maria &#8211; Gr\u0103dini\u0163a P.P nr.1 Reghin<\/p><p>Prof. Mare Laura &#8211; Gr\u0103dini\u0163a P.P nr.1 Reghin\u00a0\u00a0\u00a0\u00a0\u00a0\u00a0\u00a0\u00a0\u00a0\u00a0\u00a0\u00a0\u00a0\u00a0\u00a0\u00a0\u00a0\u00a0\u00a0\u00a0\u00a0\u00a0\u00a0\u00a0\u00a0\u00a0\u00a0\u00a0\u00a0\u00a0\u00a0\u00a0\u00a0\u00a0\u00a0\u00a0\u00a0\u00a0\u00a0\u00a0\u00a0\u00a0 \u00a0\u00a0\u00a0\u00a0\u00a0\u00a0\u00a0\u00a0\u00a0\u00a0\u00a0\u00a0\u00a0\u00a0\u00a0\u00a0\u00a0<\/p><p>\u00a0Prof. \u0218ulea Mariana Claudia &#8211; Gr\u0103dini\u021ba P.N.nr.1, Structur\u0103 \u00a0P.P. nr,5 Reghin<\/p><p>Prof. Covaciu Corina &#8211; Gr\u0103dini\u0163a P.P nr.1 Reghin\u00a0\u00a0\u00a0\u00a0\u00a0\u00a0\u00a0\u00a0\u00a0\u00a0\u00a0\u00a0\u00a0\u00a0\u00a0\u00a0\u00a0\u00a0\u00a0\u00a0\u00a0\u00a0\u00a0\u00a0\u00a0\u00a0\u00a0\u00a0\u00a0\u00a0\u00a0\u00a0\u00a0\u00a0\u00a0\u00a0\u00a0\u00a0\u00a0\u00a0\u00a0\u00a0\u00a0\u00a0\u00a0\u00a0\u00a0\u00a0\u00a0\u00a0\u00a0\u00a0\u00a0\u00a0\u00a0\u00a0\u00a0\u00a0<\/p><p>Prof. Iacob Claudia &#8211; Gr\u0103dini\u0163a P.P nr.1 Reghin\u00a0\u00a0\u00a0\u00a0\u00a0\u00a0\u00a0\u00a0\u00a0\u00a0\u00a0 \u00a0\u00a0\u00a0\u00a0\u00a0\u00a0\u00a0\u00a0\u00a0\u00a0\u00a0\u00a0\u00a0\u00a0\u00a0\u00a0\u00a0\u00a0\u00a0\u00a0\u00a0\u00a0\u00a0\u00a0\u00a0\u00a0\u00a0\u00a0\u00a0\u00a0\u00a0\u00a0\u00a0\u00a0\u00a0\u00a0\u00a0\u00a0\u00a0\u00a0\u00a0\u00a0\u00a0\u00a0\u00a0\u00a0\u00a0<\/p><p>Prof. Varga Kinga- Andrea &#8211; Gr\u0103dini\u021ba P.P. nr.5 Reghin<\/p><p>Prof. Valter Maria Loredana &#8211; Gr\u0103dini\u021ba P.P. nr.5 Reghin<b>\u00a0\u00a0<\/b><\/p><p><span lang=\"EN-US\">Prof. Moldovan Florina Gabriela &#8211; <\/span><span lang=\"EN-US\">Gr\u0103dini\u021ba P.P. nr.5 Reghin<\/span><\/p><p><span lang=\"EN-US\">Prof. Baciu Paula &#8211;\u00a0<\/span><span lang=\"EN-US\">Gr\u0103dini\u021ba P.P. nr.5 Reghin<\/span><\/p><p><span lang=\"EN-US\">Prof. Bucur Alina &#8211; <\/span><span lang=\"EN-US\">Gr\u0103dini\u021ba P.P. nr.5 Reghin<\/span><b><\/b><\/p><div><div dir=\"ltr\"><div dir=\"ltr\">prof. Lazar Adriana<\/div><div dir=\"ltr\">\u00a0<\/div><div dir=\"ltr\"><p style=\"font-weight: 400\">Simpozionul a fost un succes adun\u00e2nd articole \u015fi cre\u00e2nd o punte de leg\u0103tur\u0103 \u00eentre speciali\u015ftii din educa\u0163ie. Cadrele didactice au avut posibilitatea de a discuta \u015fi analiza problematica tradi\u021biilor \u0219i obiceiurilor de iarn\u0103, precum \u015fi de a stabili noi contacte \u00eentre institu\u0163iile de \u00eenv\u0103\u0163\u0103m\u00e2nt \u00een care lucreaz\u0103.<\/p><p style=\"font-weight: 400\">La simpozion au participat urm\u0103toarele cadre didactice din jude\u021bul Mure\u0219:<\/p><ul><li style=\"font-weight: 400\">Prof. Savina Adriana \u2013 Gr\u0103dini\u021ba P.N. Petelea<\/li><li style=\"font-weight: 400\">Prof. Fodor Lucia Aurelia \u2013 Gr\u0103dini\u021ba P.P. nr.12 Tg.Mure\u0219<\/li><li style=\"font-weight: 400\">Prof. Luca Vidia Rodica \u2013 Gr\u0103dini\u021ba P.P. nr. 4 Reghin<\/li><li style=\"font-weight: 400\">Prof. Varga Kinga Andrea \u2013 Gr\u0103dini\u021ba P.P. nr.5 Reghin<\/li><li style=\"font-weight: 400\">Prof. Bachman Maria \u2013 Gr\u0103dini\u021ba P.P. nr.5 Reghin<\/li><li style=\"font-weight: 400\">Prof. Cifu Olga-Maria \u2013 Gr\u0103dini\u021ba P.P. nr.1 Reghin<\/li><li style=\"font-weight: 400\">Prof. Hagyma\u0219 Laura Cristina \u2013 Gr\u0103dini\u021ba P.P. nr.5 Reghin<\/li><li style=\"font-weight: 400\">Prof.Valter Maria Loredana \u2013 Gr\u0103dini\u021ba P.P. nr.5 Reghin<\/li><li style=\"font-weight: 400\">Prof. Oprea Daniela-M\u0103d\u0103lina \u2013 Gr\u0103dini\u021ba P.P. nr.5 Reghin<\/li><li style=\"font-weight: 400\">Prof. Baciu Sanda Paula \u2013 Gr\u0103dini\u021ba P.P. nr.5 Reghin<\/li><li style=\"font-weight: 400\">Prof. Bucur Alina Maria \u2013 Gr\u0103dini\u021ba P.P. nr.5 Reghin<\/li><li style=\"font-weight: 400\">Prof. Zaharie Mirela \u2013 Gr\u0103dini\u021ba P.P. nr.5 Reghin<\/li><li style=\"font-weight: 400\">Prof. C\u0103prar Liliana \u2013 Gr\u0103dini\u021ba P.P. nr.5 Reghin<\/li><li style=\"font-weight: 400\">Prof. Cocean Cristina \u2013 Gr\u0103dini\u021ba P.P. nr.5 Reghin<\/li><\/ul><p>prof. Lazar Adriana<\/p><\/div><div dir=\"ltr\">\u00a0<\/div><\/div><\/div><\/div><\/div><\/blockquote>\t\t\t\t\t\t\t\t<\/div>\n\t\t\t\t<\/div>\n\t\t\t\t<div class=\"elementor-element elementor-element-0eb54a5 elementor-widget elementor-widget-text-editor\" data-id=\"0eb54a5\" data-element_type=\"widget\" data-e-type=\"widget\" data-widget_type=\"text-editor.default\">\n\t\t\t\t<div class=\"elementor-widget-container\">\n\t\t\t\t\t\t\t\t\t<blockquote><div dir=\"ltr\"><div dir=\"ltr\"><p>Volumele le reg\u0103si\u021bi \u00een linkurile de mai jos:<\/p><ol><li><span style=\"color: #0000ff\"><a style=\"color: #0000ff\" href=\"https:\/\/www.inreghin.ro\/gradinita-pp5\/wp-content\/uploads\/sites\/10\/2024\/03\/vol.-Concurs-2024-1.pdf\"><b>RE\u021aETELE PRE\u0218COLARILOR \u0218I MIRAJUL S\u0102RB\u0102TORILOR DE IARN\u0102<\/b><\/a><\/span><\/li><\/ol><\/div><p>ISBN 978-973-0-39967-7, coordonatori: GROS MARIA- RAMONA, LAZAR ADRIANA, MOLDOVAN VIOLETA, BACIU SANDA-PAULA, BUCUR ALINA-MARIA, Reghin &#8211; 2024.<\/p><p>2. <strong><span style=\"color: #0000ff\"><a style=\"color: #0000ff\" href=\"https:\/\/www.inreghin.ro\/gradinita-pp5\/wp-content\/uploads\/sites\/10\/2024\/03\/vol.-Simpozion-Miraj-2024-.pdf\">SIMPOZION \u201cMirajul s\u0103rb\u0103torilor de iarn\u0103\u201d 2024\u00a0<\/a><\/span><\/strong><\/p><p><br \/>ISBN 978-973-0-39990-5, coordonatori: GROS MARIA- RAMONA, LAZAR ADRIANA, MOLDOVAN VIOLETA, BACIU SANDA-PAULA, BUCUR ALINA-MARIA, Reghin &#8211; 2024.<\/p><div dir=\"ltr\"><hr \/><div><div dir=\"ltr\">\u00a0<\/div><\/div><\/div><\/div><\/blockquote>\t\t\t\t\t\t\t\t<\/div>\n\t\t\t\t<\/div>\n\t\t\t\t\t<\/div>\n\t\t<\/div>\n\t\t\t\t\t<\/div>\n\t\t<\/section>\n\t\t\t\t<section class=\"elementor-section elementor-top-section elementor-element elementor-element-8c30954 elementor-section-boxed elementor-section-height-default elementor-section-height-default\" data-id=\"8c30954\" data-element_type=\"section\" data-e-type=\"section\">\n\t\t\t\t\t\t<div class=\"elementor-container elementor-column-gap-default\">\n\t\t\t\t\t<div class=\"elementor-column elementor-col-100 elementor-top-column elementor-element elementor-element-b6ff46d\" data-id=\"b6ff46d\" data-element_type=\"column\" data-e-type=\"column\">\n\t\t\t<div class=\"elementor-widget-wrap\">\n\t\t\t\t\t\t\t<\/div>\n\t\t<\/div>\n\t\t\t\t\t<\/div>\n\t\t<\/section>\n\t\t\t\t<\/div>\n\t\t","protected":false},"excerpt":{"rendered":"<p>\u00cen 8 decembrie 2023 Gr\u0103dini\u021ba noastr\u0103 a g\u0103zduit Concursul \u0219i Simpozionul judetean \u201eMirajul S\u0103rb\u0103torilor de Iarn\u0103\u201d, edi\u021bia a IV-a, din cadrul Proiectului jude\u021bean cu acela\u0219i nume,<span class=\"excerpt-hellip\"> [\u2026]<\/span><\/p>\n","protected":false},"author":10,"featured_media":0,"comment_status":"open","ping_status":"open","sticky":false,"template":"","format":"standard","meta":{"inline_featured_image":false,"footnotes":""},"categories":[1],"tags":[],"class_list":["post-1140","post","type-post","status-publish","format-standard","hentry","category-uncategorized"],"yoast_head":"<!-- This site is optimized with the Yoast SEO plugin v27.5 - https:\/\/yoast.com\/product\/yoast-seo-wordpress\/ -->\n<title>\u201dMirajul S\u0103rb\u0103torilor de Iarn\u0103\u201d, edi\u021bia a IV-a, 2024 - Gr\u0103dini\u021ba cu program prelungit nr. 5 - Reghin<\/title>\n<meta name=\"robots\" content=\"index, follow, max-snippet:-1, max-image-preview:large, max-video-preview:-1\" \/>\n<link rel=\"canonical\" href=\"https:\/\/www.inreghin.ro\/gradinita-pp5\/2024\/03\/27\/mirajul-sarbatorilor-de-iarna-editia-a-iv-a\/\" \/>\n<meta property=\"og:locale\" content=\"en_US\" \/>\n<meta property=\"og:type\" content=\"article\" \/>\n<meta property=\"og:title\" content=\"\u201dMirajul S\u0103rb\u0103torilor de Iarn\u0103\u201d, edi\u021bia a IV-a, 2024 - Gr\u0103dini\u021ba cu program prelungit nr. 5 - Reghin\" \/>\n<meta property=\"og:description\" content=\"\u00cen 8 decembrie 2023 Gr\u0103dini\u021ba noastr\u0103 a g\u0103zduit Concursul \u0219i Simpozionul judetean \u201eMirajul S\u0103rb\u0103torilor de Iarn\u0103\u201d, edi\u021bia a IV-a, din cadrul Proiectului jude\u021bean cu acela\u0219i nume, [\u2026]\" \/>\n<meta property=\"og:url\" content=\"https:\/\/www.inreghin.ro\/gradinita-pp5\/2024\/03\/27\/mirajul-sarbatorilor-de-iarna-editia-a-iv-a\/\" \/>\n<meta property=\"og:site_name\" content=\"Gr\u0103dini\u021ba cu program prelungit nr. 5 - Reghin\" \/>\n<meta property=\"article:author\" content=\"https:\/\/www.facebook.com\/profile.php?id=100057452319669\" \/>\n<meta property=\"article:published_time\" content=\"2024-03-27T08:03:12+00:00\" \/>\n<meta property=\"article:modified_time\" content=\"2024-03-28T11:37:03+00:00\" \/>\n<meta name=\"author\" content=\"Colectiv Gr\u0103dini\u021ba PP5\" \/>\n<meta name=\"twitter:card\" content=\"summary_large_image\" \/>\n<meta name=\"twitter:label1\" content=\"Written by\" \/>\n\t<meta name=\"twitter:data1\" content=\"Colectiv Gr\u0103dini\u021ba PP5\" \/>\n<script type=\"application\/ld+json\" class=\"yoast-schema-graph\">{\"@context\":\"https:\\\/\\\/schema.org\",\"@graph\":[{\"@type\":\"Article\",\"@id\":\"https:\\\/\\\/www.inreghin.ro\\\/gradinita-pp5\\\/2024\\\/03\\\/27\\\/mirajul-sarbatorilor-de-iarna-editia-a-iv-a\\\/#article\",\"isPartOf\":{\"@id\":\"https:\\\/\\\/www.inreghin.ro\\\/gradinita-pp5\\\/2024\\\/03\\\/27\\\/mirajul-sarbatorilor-de-iarna-editia-a-iv-a\\\/\"},\"author\":{\"name\":\"Colectiv Gr\u0103dini\u021ba PP5\",\"@id\":\"https:\\\/\\\/www.inreghin.ro\\\/gradinita-pp5\\\/#\\\/schema\\\/person\\\/72658659d77e6195982d4a13f5f98a7e\"},\"headline\":\"\u201dMirajul S\u0103rb\u0103torilor de Iarn\u0103\u201d, edi\u021bia a IV-a, 2024\",\"datePublished\":\"2024-03-27T08:03:12+00:00\",\"dateModified\":\"2024-03-28T11:37:03+00:00\",\"mainEntityOfPage\":{\"@id\":\"https:\\\/\\\/www.inreghin.ro\\\/gradinita-pp5\\\/2024\\\/03\\\/27\\\/mirajul-sarbatorilor-de-iarna-editia-a-iv-a\\\/\"},\"wordCount\":768,\"commentCount\":0,\"inLanguage\":\"en-US\",\"potentialAction\":[{\"@type\":\"CommentAction\",\"name\":\"Comment\",\"target\":[\"https:\\\/\\\/www.inreghin.ro\\\/gradinita-pp5\\\/2024\\\/03\\\/27\\\/mirajul-sarbatorilor-de-iarna-editia-a-iv-a\\\/#respond\"]}]},{\"@type\":\"WebPage\",\"@id\":\"https:\\\/\\\/www.inreghin.ro\\\/gradinita-pp5\\\/2024\\\/03\\\/27\\\/mirajul-sarbatorilor-de-iarna-editia-a-iv-a\\\/\",\"url\":\"https:\\\/\\\/www.inreghin.ro\\\/gradinita-pp5\\\/2024\\\/03\\\/27\\\/mirajul-sarbatorilor-de-iarna-editia-a-iv-a\\\/\",\"name\":\"\u201dMirajul S\u0103rb\u0103torilor de Iarn\u0103\u201d, edi\u021bia a IV-a, 2024 - Gr\u0103dini\u021ba cu program prelungit nr. 5 - Reghin\",\"isPartOf\":{\"@id\":\"https:\\\/\\\/www.inreghin.ro\\\/gradinita-pp5\\\/#website\"},\"datePublished\":\"2024-03-27T08:03:12+00:00\",\"dateModified\":\"2024-03-28T11:37:03+00:00\",\"author\":{\"@id\":\"https:\\\/\\\/www.inreghin.ro\\\/gradinita-pp5\\\/#\\\/schema\\\/person\\\/72658659d77e6195982d4a13f5f98a7e\"},\"breadcrumb\":{\"@id\":\"https:\\\/\\\/www.inreghin.ro\\\/gradinita-pp5\\\/2024\\\/03\\\/27\\\/mirajul-sarbatorilor-de-iarna-editia-a-iv-a\\\/#breadcrumb\"},\"inLanguage\":\"en-US\",\"potentialAction\":[{\"@type\":\"ReadAction\",\"target\":[\"https:\\\/\\\/www.inreghin.ro\\\/gradinita-pp5\\\/2024\\\/03\\\/27\\\/mirajul-sarbatorilor-de-iarna-editia-a-iv-a\\\/\"]}]},{\"@type\":\"BreadcrumbList\",\"@id\":\"https:\\\/\\\/www.inreghin.ro\\\/gradinita-pp5\\\/2024\\\/03\\\/27\\\/mirajul-sarbatorilor-de-iarna-editia-a-iv-a\\\/#breadcrumb\",\"itemListElement\":[{\"@type\":\"ListItem\",\"position\":1,\"name\":\"Home\",\"item\":\"https:\\\/\\\/www.inreghin.ro\\\/gradinita-pp5\\\/\"},{\"@type\":\"ListItem\",\"position\":2,\"name\":\"\u201dMirajul S\u0103rb\u0103torilor de Iarn\u0103\u201d, edi\u021bia a IV-a, 2024\"}]},{\"@type\":\"WebSite\",\"@id\":\"https:\\\/\\\/www.inreghin.ro\\\/gradinita-pp5\\\/#website\",\"url\":\"https:\\\/\\\/www.inreghin.ro\\\/gradinita-pp5\\\/\",\"name\":\"Gr\u0103dini\u021ba cu program prelungit nr. 5 - Reghin\",\"description\":\"\",\"potentialAction\":[{\"@type\":\"SearchAction\",\"target\":{\"@type\":\"EntryPoint\",\"urlTemplate\":\"https:\\\/\\\/www.inreghin.ro\\\/gradinita-pp5\\\/?s={search_term_string}\"},\"query-input\":{\"@type\":\"PropertyValueSpecification\",\"valueRequired\":true,\"valueName\":\"search_term_string\"}}],\"inLanguage\":\"en-US\"},{\"@type\":\"Person\",\"@id\":\"https:\\\/\\\/www.inreghin.ro\\\/gradinita-pp5\\\/#\\\/schema\\\/person\\\/72658659d77e6195982d4a13f5f98a7e\",\"name\":\"Colectiv Gr\u0103dini\u021ba PP5\",\"image\":{\"@type\":\"ImageObject\",\"inLanguage\":\"en-US\",\"@id\":\"https:\\\/\\\/secure.gravatar.com\\\/avatar\\\/92781eea406a0437180c48dda914bf56fe6e647a3b1c970a54af27447d3120a0?s=96&d=mm&r=g\",\"url\":\"https:\\\/\\\/secure.gravatar.com\\\/avatar\\\/92781eea406a0437180c48dda914bf56fe6e647a3b1c970a54af27447d3120a0?s=96&d=mm&r=g\",\"contentUrl\":\"https:\\\/\\\/secure.gravatar.com\\\/avatar\\\/92781eea406a0437180c48dda914bf56fe6e647a3b1c970a54af27447d3120a0?s=96&d=mm&r=g\",\"caption\":\"Colectiv Gr\u0103dini\u021ba PP5\"},\"sameAs\":[\"https:\\\/\\\/www.facebook.com\\\/profile.php?id=100057452319669\"],\"url\":\"https:\\\/\\\/www.inreghin.ro\\\/gradinita-pp5\\\/author\\\/gradinitapp5\\\/\"}]}<\/script>\n<!-- \/ Yoast SEO plugin. -->","yoast_head_json":{"title":"\u201dMirajul S\u0103rb\u0103torilor de Iarn\u0103\u201d, edi\u021bia a IV-a, 2024 - Gr\u0103dini\u021ba cu program prelungit nr. 5 - Reghin","robots":{"index":"index","follow":"follow","max-snippet":"max-snippet:-1","max-image-preview":"max-image-preview:large","max-video-preview":"max-video-preview:-1"},"canonical":"https:\/\/www.inreghin.ro\/gradinita-pp5\/2024\/03\/27\/mirajul-sarbatorilor-de-iarna-editia-a-iv-a\/","og_locale":"en_US","og_type":"article","og_title":"\u201dMirajul S\u0103rb\u0103torilor de Iarn\u0103\u201d, edi\u021bia a IV-a, 2024 - Gr\u0103dini\u021ba cu program prelungit nr. 5 - Reghin","og_description":"\u00cen 8 decembrie 2023 Gr\u0103dini\u021ba noastr\u0103 a g\u0103zduit Concursul \u0219i Simpozionul judetean \u201eMirajul S\u0103rb\u0103torilor de Iarn\u0103\u201d, edi\u021bia a IV-a, din cadrul Proiectului jude\u021bean cu acela\u0219i nume, [\u2026]","og_url":"https:\/\/www.inreghin.ro\/gradinita-pp5\/2024\/03\/27\/mirajul-sarbatorilor-de-iarna-editia-a-iv-a\/","og_site_name":"Gr\u0103dini\u021ba cu program prelungit nr. 5 - Reghin","article_author":"https:\/\/www.facebook.com\/profile.php?id=100057452319669","article_published_time":"2024-03-27T08:03:12+00:00","article_modified_time":"2024-03-28T11:37:03+00:00","author":"Colectiv Gr\u0103dini\u021ba PP5","twitter_card":"summary_large_image","twitter_misc":{"Written by":"Colectiv Gr\u0103dini\u021ba PP5"},"schema":{"@context":"https:\/\/schema.org","@graph":[{"@type":"Article","@id":"https:\/\/www.inreghin.ro\/gradinita-pp5\/2024\/03\/27\/mirajul-sarbatorilor-de-iarna-editia-a-iv-a\/#article","isPartOf":{"@id":"https:\/\/www.inreghin.ro\/gradinita-pp5\/2024\/03\/27\/mirajul-sarbatorilor-de-iarna-editia-a-iv-a\/"},"author":{"name":"Colectiv Gr\u0103dini\u021ba PP5","@id":"https:\/\/www.inreghin.ro\/gradinita-pp5\/#\/schema\/person\/72658659d77e6195982d4a13f5f98a7e"},"headline":"\u201dMirajul S\u0103rb\u0103torilor de Iarn\u0103\u201d, edi\u021bia a IV-a, 2024","datePublished":"2024-03-27T08:03:12+00:00","dateModified":"2024-03-28T11:37:03+00:00","mainEntityOfPage":{"@id":"https:\/\/www.inreghin.ro\/gradinita-pp5\/2024\/03\/27\/mirajul-sarbatorilor-de-iarna-editia-a-iv-a\/"},"wordCount":768,"commentCount":0,"inLanguage":"en-US","potentialAction":[{"@type":"CommentAction","name":"Comment","target":["https:\/\/www.inreghin.ro\/gradinita-pp5\/2024\/03\/27\/mirajul-sarbatorilor-de-iarna-editia-a-iv-a\/#respond"]}]},{"@type":"WebPage","@id":"https:\/\/www.inreghin.ro\/gradinita-pp5\/2024\/03\/27\/mirajul-sarbatorilor-de-iarna-editia-a-iv-a\/","url":"https:\/\/www.inreghin.ro\/gradinita-pp5\/2024\/03\/27\/mirajul-sarbatorilor-de-iarna-editia-a-iv-a\/","name":"\u201dMirajul S\u0103rb\u0103torilor de Iarn\u0103\u201d, edi\u021bia a IV-a, 2024 - Gr\u0103dini\u021ba cu program prelungit nr. 5 - Reghin","isPartOf":{"@id":"https:\/\/www.inreghin.ro\/gradinita-pp5\/#website"},"datePublished":"2024-03-27T08:03:12+00:00","dateModified":"2024-03-28T11:37:03+00:00","author":{"@id":"https:\/\/www.inreghin.ro\/gradinita-pp5\/#\/schema\/person\/72658659d77e6195982d4a13f5f98a7e"},"breadcrumb":{"@id":"https:\/\/www.inreghin.ro\/gradinita-pp5\/2024\/03\/27\/mirajul-sarbatorilor-de-iarna-editia-a-iv-a\/#breadcrumb"},"inLanguage":"en-US","potentialAction":[{"@type":"ReadAction","target":["https:\/\/www.inreghin.ro\/gradinita-pp5\/2024\/03\/27\/mirajul-sarbatorilor-de-iarna-editia-a-iv-a\/"]}]},{"@type":"BreadcrumbList","@id":"https:\/\/www.inreghin.ro\/gradinita-pp5\/2024\/03\/27\/mirajul-sarbatorilor-de-iarna-editia-a-iv-a\/#breadcrumb","itemListElement":[{"@type":"ListItem","position":1,"name":"Home","item":"https:\/\/www.inreghin.ro\/gradinita-pp5\/"},{"@type":"ListItem","position":2,"name":"\u201dMirajul S\u0103rb\u0103torilor de Iarn\u0103\u201d, edi\u021bia a IV-a, 2024"}]},{"@type":"WebSite","@id":"https:\/\/www.inreghin.ro\/gradinita-pp5\/#website","url":"https:\/\/www.inreghin.ro\/gradinita-pp5\/","name":"Gr\u0103dini\u021ba cu program prelungit nr. 5 - Reghin","description":"","potentialAction":[{"@type":"SearchAction","target":{"@type":"EntryPoint","urlTemplate":"https:\/\/www.inreghin.ro\/gradinita-pp5\/?s={search_term_string}"},"query-input":{"@type":"PropertyValueSpecification","valueRequired":true,"valueName":"search_term_string"}}],"inLanguage":"en-US"},{"@type":"Person","@id":"https:\/\/www.inreghin.ro\/gradinita-pp5\/#\/schema\/person\/72658659d77e6195982d4a13f5f98a7e","name":"Colectiv Gr\u0103dini\u021ba PP5","image":{"@type":"ImageObject","inLanguage":"en-US","@id":"https:\/\/secure.gravatar.com\/avatar\/92781eea406a0437180c48dda914bf56fe6e647a3b1c970a54af27447d3120a0?s=96&d=mm&r=g","url":"https:\/\/secure.gravatar.com\/avatar\/92781eea406a0437180c48dda914bf56fe6e647a3b1c970a54af27447d3120a0?s=96&d=mm&r=g","contentUrl":"https:\/\/secure.gravatar.com\/avatar\/92781eea406a0437180c48dda914bf56fe6e647a3b1c970a54af27447d3120a0?s=96&d=mm&r=g","caption":"Colectiv Gr\u0103dini\u021ba PP5"},"sameAs":["https:\/\/www.facebook.com\/profile.php?id=100057452319669"],"url":"https:\/\/www.inreghin.ro\/gradinita-pp5\/author\/gradinitapp5\/"}]}},"_links":{"self":[{"href":"https:\/\/www.inreghin.ro\/gradinita-pp5\/wp-json\/wp\/v2\/posts\/1140","targetHints":{"allow":["GET"]}}],"collection":[{"href":"https:\/\/www.inreghin.ro\/gradinita-pp5\/wp-json\/wp\/v2\/posts"}],"about":[{"href":"https:\/\/www.inreghin.ro\/gradinita-pp5\/wp-json\/wp\/v2\/types\/post"}],"author":[{"embeddable":true,"href":"https:\/\/www.inreghin.ro\/gradinita-pp5\/wp-json\/wp\/v2\/users\/10"}],"replies":[{"embeddable":true,"href":"https:\/\/www.inreghin.ro\/gradinita-pp5\/wp-json\/wp\/v2\/comments?post=1140"}],"version-history":[{"count":52,"href":"https:\/\/www.inreghin.ro\/gradinita-pp5\/wp-json\/wp\/v2\/posts\/1140\/revisions"}],"predecessor-version":[{"id":1199,"href":"https:\/\/www.inreghin.ro\/gradinita-pp5\/wp-json\/wp\/v2\/posts\/1140\/revisions\/1199"}],"wp:attachment":[{"href":"https:\/\/www.inreghin.ro\/gradinita-pp5\/wp-json\/wp\/v2\/media?parent=1140"}],"wp:term":[{"taxonomy":"category","embeddable":true,"href":"https:\/\/www.inreghin.ro\/gradinita-pp5\/wp-json\/wp\/v2\/categories?post=1140"},{"taxonomy":"post_tag","embeddable":true,"href":"https:\/\/www.inreghin.ro\/gradinita-pp5\/wp-json\/wp\/v2\/tags?post=1140"}],"curies":[{"name":"wp","href":"https:\/\/api.w.org\/{rel}","templated":true}]}}