{"id":810,"date":"2022-09-03T17:45:40","date_gmt":"2022-09-03T14:45:40","guid":{"rendered":"https:\/\/www.inreghin.ro\/gradinita-pp3\/?p=810"},"modified":"2022-09-03T18:26:06","modified_gmt":"2022-09-03T15:26:06","slug":"810","status":"publish","type":"post","link":"https:\/\/www.inreghin.ro\/gradinita-pp3\/2022\/09\/03\/810\/","title":{"rendered":""},"content":{"rendered":"\t\t<div data-elementor-type=\"wp-post\" data-elementor-id=\"810\" class=\"elementor elementor-810\">\n\t\t\t\t\t\t<section class=\"elementor-section elementor-top-section elementor-element elementor-element-d9c0cf1 elementor-section-boxed elementor-section-height-default elementor-section-height-default\" data-id=\"d9c0cf1\" data-element_type=\"section\" data-e-type=\"section\">\n\t\t\t\t\t\t<div class=\"elementor-container elementor-column-gap-default\">\n\t\t\t\t\t<div class=\"elementor-column elementor-col-100 elementor-top-column elementor-element elementor-element-547785d\" data-id=\"547785d\" data-element_type=\"column\" data-e-type=\"column\">\n\t\t\t<div class=\"elementor-widget-wrap elementor-element-populated\">\n\t\t\t\t\t\t<div class=\"elementor-element elementor-element-ffc540e elementor-widget elementor-widget-image\" data-id=\"ffc540e\" data-element_type=\"widget\" data-e-type=\"widget\" data-widget_type=\"image.default\">\n\t\t\t\t<div class=\"elementor-widget-container\">\n\t\t\t\t\t\t\t\t\t\t\t\t\t\t\t<img fetchpriority=\"high\" decoding=\"async\" width=\"700\" height=\"420\" src=\"https:\/\/www.inreghin.ro\/gradinita-pp3\/wp-content\/uploads\/sites\/6\/2022\/09\/IMAGINE.jpg\" class=\"attachment-large size-large wp-image-811\" alt=\"\" srcset=\"https:\/\/www.inreghin.ro\/gradinita-pp3\/wp-content\/uploads\/sites\/6\/2022\/09\/IMAGINE.jpg 700w, https:\/\/www.inreghin.ro\/gradinita-pp3\/wp-content\/uploads\/sites\/6\/2022\/09\/IMAGINE-300x180.jpg 300w, https:\/\/www.inreghin.ro\/gradinita-pp3\/wp-content\/uploads\/sites\/6\/2022\/09\/IMAGINE-243x146.jpg 243w, https:\/\/www.inreghin.ro\/gradinita-pp3\/wp-content\/uploads\/sites\/6\/2022\/09\/IMAGINE-50x30.jpg 50w, https:\/\/www.inreghin.ro\/gradinita-pp3\/wp-content\/uploads\/sites\/6\/2022\/09\/IMAGINE-125x75.jpg 125w\" sizes=\"(max-width:767px) 480px, 700px\" \/>\t\t\t\t\t\t\t\t\t\t\t\t\t\t\t<\/div>\n\t\t\t\t<\/div>\n\t\t\t\t\t<\/div>\n\t\t<\/div>\n\t\t\t\t\t<\/div>\n\t\t<\/section>\n\t\t\t\t<section class=\"elementor-section elementor-top-section elementor-element elementor-element-e1b07bb elementor-section-boxed elementor-section-height-default elementor-section-height-default\" data-id=\"e1b07bb\" data-element_type=\"section\" data-e-type=\"section\">\n\t\t\t\t\t\t<div class=\"elementor-container elementor-column-gap-default\">\n\t\t\t\t\t<div class=\"elementor-column elementor-col-100 elementor-top-column elementor-element elementor-element-93ba8bd\" data-id=\"93ba8bd\" data-element_type=\"column\" data-e-type=\"column\">\n\t\t\t<div class=\"elementor-widget-wrap elementor-element-populated\">\n\t\t\t\t\t\t<div class=\"elementor-element elementor-element-735f3e0 elementor-widget elementor-widget-text-editor\" data-id=\"735f3e0\" data-element_type=\"widget\" data-e-type=\"widget\" data-widget_type=\"text-editor.default\">\n\t\t\t\t<div class=\"elementor-widget-container\">\n\t\t\t\t\t\t\t\t\t<p>Dragi copii \u0219i p\u0103rin\u021bi,<\/p><p>Por\u021bile gr\u0103dini\u021belor \u0219i cre\u0219elor noastre se vor deschide luni, 5 septembrie 2022.<\/p><p>\u00centreg personalul v\u0103 a\u0219teapt\u0103 cu bra\u021bele deschise, cu s\u0103lile de grup\u0103 preg\u0103tite s\u0103 v\u0103 inspire.<\/p><p>Cerceta\u021bi totul cu curiozitate,\u00a0 asculta\u021bi atent ce se \u00eent\u00e2mpl\u0103 \u00een jurul vostru \u0219i atunci ve\u021bi descoperi o lume fascinant\u0103!\u00a0<\/p><p>V\u0103 dorim\u00a0 un an \u0219colar cu r\u0103bdare, bucurie \u0219i momente minunate,\u00a0 care s\u0103 v\u0103 satisfac\u0103 a\u0219tept\u0103rile \u0219i dorin\u021bele!<\/p><p>\u00a0<\/p><p>Director, prof. Toncean Anca-Iulia \u0219i colectivul de cadre didactice al unit\u0103\u021bii cu PJ Gr\u0103dini\u021ba cu Program Prelungit nr.4 Reghin<\/p>\t\t\t\t\t\t\t\t<\/div>\n\t\t\t\t<\/div>\n\t\t\t\t\t<\/div>\n\t\t<\/div>\n\t\t\t\t\t<\/div>\n\t\t<\/section>\n\t\t\t\t<\/div>\n\t\t","protected":false},"excerpt":{"rendered":"<p>Dragi copii \u0219i p\u0103rin\u021bi, Por\u021bile gr\u0103dini\u021belor \u0219i cre\u0219elor noastre se vor deschide luni, 5 septembrie 2022. \u00centreg personalul v\u0103 a\u0219teapt\u0103 cu bra\u021bele deschise, cu s\u0103lile de<span class=\"excerpt-hellip\"> [\u2026]<\/span><\/p>\n","protected":false},"author":7,"featured_media":0,"comment_status":"open","ping_status":"open","sticky":false,"template":"","format":"standard","meta":{"inline_featured_image":false,"footnotes":""},"categories":[1],"tags":[],"class_list":["post-810","post","type-post","status-publish","format-standard","hentry","category-uncategorized"],"yoast_head":"<!-- This site is optimized with the Yoast SEO plugin v27.5 - https:\/\/yoast.com\/product\/yoast-seo-wordpress\/ -->\n<title>- Gr\u0103dini\u021ba cu program prelungit nr. 3 - Reghin<\/title>\n<meta name=\"robots\" content=\"index, follow, max-snippet:-1, max-image-preview:large, max-video-preview:-1\" \/>\n<link rel=\"canonical\" href=\"https:\/\/www.inreghin.ro\/gradinita-pp3\/2022\/09\/03\/810\/\" \/>\n<meta property=\"og:locale\" content=\"en_US\" \/>\n<meta property=\"og:type\" content=\"article\" \/>\n<meta property=\"og:title\" content=\"- Gr\u0103dini\u021ba cu program prelungit nr. 3 - Reghin\" \/>\n<meta property=\"og:description\" content=\"Dragi copii \u0219i p\u0103rin\u021bi, Por\u021bile gr\u0103dini\u021belor \u0219i cre\u0219elor noastre se vor deschide luni, 5 septembrie 2022. \u00centreg personalul v\u0103 a\u0219teapt\u0103 cu bra\u021bele deschise, cu s\u0103lile de [\u2026]\" \/>\n<meta property=\"og:url\" content=\"https:\/\/www.inreghin.ro\/gradinita-pp3\/2022\/09\/03\/810\/\" \/>\n<meta property=\"og:site_name\" content=\"Gr\u0103dini\u021ba cu program prelungit nr. 3 - Reghin\" \/>\n<meta property=\"article:published_time\" content=\"2022-09-03T14:45:40+00:00\" \/>\n<meta property=\"article:modified_time\" content=\"2022-09-03T15:26:06+00:00\" \/>\n<meta property=\"og:image\" content=\"https:\/\/www.inreghin.ro\/gradinita-pp3\/wp-content\/uploads\/sites\/6\/2022\/09\/IMAGINE.jpg\" \/>\n<meta name=\"author\" content=\"gradinitapp3\" \/>\n<meta name=\"twitter:card\" content=\"summary_large_image\" \/>\n<meta name=\"twitter:label1\" content=\"Written by\" \/>\n\t<meta name=\"twitter:data1\" content=\"gradinitapp3\" \/>\n\t<meta name=\"twitter:label2\" content=\"Est. reading time\" \/>\n\t<meta name=\"twitter:data2\" content=\"1 minute\" \/>\n<script type=\"application\/ld+json\" class=\"yoast-schema-graph\">{\"@context\":\"https:\\\/\\\/schema.org\",\"@graph\":[{\"@type\":\"Article\",\"@id\":\"https:\\\/\\\/www.inreghin.ro\\\/gradinita-pp3\\\/2022\\\/09\\\/03\\\/810\\\/#article\",\"isPartOf\":{\"@id\":\"https:\\\/\\\/www.inreghin.ro\\\/gradinita-pp3\\\/2022\\\/09\\\/03\\\/810\\\/\"},\"author\":{\"name\":\"gradinitapp3\",\"@id\":\"https:\\\/\\\/www.inreghin.ro\\\/gradinita-pp3\\\/#\\\/schema\\\/person\\\/bf5d977793f54c5be388fcfe40f549fb\"},\"headline\":\"No title\",\"datePublished\":\"2022-09-03T14:45:40+00:00\",\"dateModified\":\"2022-09-03T15:26:06+00:00\",\"mainEntityOfPage\":{\"@id\":\"https:\\\/\\\/www.inreghin.ro\\\/gradinita-pp3\\\/2022\\\/09\\\/03\\\/810\\\/\"},\"wordCount\":110,\"commentCount\":0,\"image\":{\"@id\":\"https:\\\/\\\/www.inreghin.ro\\\/gradinita-pp3\\\/2022\\\/09\\\/03\\\/810\\\/#primaryimage\"},\"thumbnailUrl\":\"https:\\\/\\\/www.inreghin.ro\\\/gradinita-pp3\\\/wp-content\\\/uploads\\\/sites\\\/6\\\/2022\\\/09\\\/IMAGINE.jpg\",\"inLanguage\":\"en-US\",\"potentialAction\":[{\"@type\":\"CommentAction\",\"name\":\"Comment\",\"target\":[\"https:\\\/\\\/www.inreghin.ro\\\/gradinita-pp3\\\/2022\\\/09\\\/03\\\/810\\\/#respond\"]}]},{\"@type\":\"WebPage\",\"@id\":\"https:\\\/\\\/www.inreghin.ro\\\/gradinita-pp3\\\/2022\\\/09\\\/03\\\/810\\\/\",\"url\":\"https:\\\/\\\/www.inreghin.ro\\\/gradinita-pp3\\\/2022\\\/09\\\/03\\\/810\\\/\",\"name\":\"- Gr\u0103dini\u021ba cu program prelungit nr. 3 - Reghin\",\"isPartOf\":{\"@id\":\"https:\\\/\\\/www.inreghin.ro\\\/gradinita-pp3\\\/#website\"},\"primaryImageOfPage\":{\"@id\":\"https:\\\/\\\/www.inreghin.ro\\\/gradinita-pp3\\\/2022\\\/09\\\/03\\\/810\\\/#primaryimage\"},\"image\":{\"@id\":\"https:\\\/\\\/www.inreghin.ro\\\/gradinita-pp3\\\/2022\\\/09\\\/03\\\/810\\\/#primaryimage\"},\"thumbnailUrl\":\"https:\\\/\\\/www.inreghin.ro\\\/gradinita-pp3\\\/wp-content\\\/uploads\\\/sites\\\/6\\\/2022\\\/09\\\/IMAGINE.jpg\",\"datePublished\":\"2022-09-03T14:45:40+00:00\",\"dateModified\":\"2022-09-03T15:26:06+00:00\",\"author\":{\"@id\":\"https:\\\/\\\/www.inreghin.ro\\\/gradinita-pp3\\\/#\\\/schema\\\/person\\\/bf5d977793f54c5be388fcfe40f549fb\"},\"inLanguage\":\"en-US\",\"potentialAction\":[{\"@type\":\"ReadAction\",\"target\":[\"https:\\\/\\\/www.inreghin.ro\\\/gradinita-pp3\\\/2022\\\/09\\\/03\\\/810\\\/\"]}]},{\"@type\":\"ImageObject\",\"inLanguage\":\"en-US\",\"@id\":\"https:\\\/\\\/www.inreghin.ro\\\/gradinita-pp3\\\/2022\\\/09\\\/03\\\/810\\\/#primaryimage\",\"url\":\"https:\\\/\\\/www.inreghin.ro\\\/gradinita-pp3\\\/wp-content\\\/uploads\\\/sites\\\/6\\\/2022\\\/09\\\/IMAGINE.jpg\",\"contentUrl\":\"https:\\\/\\\/www.inreghin.ro\\\/gradinita-pp3\\\/wp-content\\\/uploads\\\/sites\\\/6\\\/2022\\\/09\\\/IMAGINE.jpg\",\"width\":700,\"height\":420},{\"@type\":\"WebSite\",\"@id\":\"https:\\\/\\\/www.inreghin.ro\\\/gradinita-pp3\\\/#website\",\"url\":\"https:\\\/\\\/www.inreghin.ro\\\/gradinita-pp3\\\/\",\"name\":\"Gr\u0103dini\u021ba cu program prelungit nr. 3 - Reghin\",\"description\":\"\",\"potentialAction\":[{\"@type\":\"SearchAction\",\"target\":{\"@type\":\"EntryPoint\",\"urlTemplate\":\"https:\\\/\\\/www.inreghin.ro\\\/gradinita-pp3\\\/?s={search_term_string}\"},\"query-input\":{\"@type\":\"PropertyValueSpecification\",\"valueRequired\":true,\"valueName\":\"search_term_string\"}}],\"inLanguage\":\"en-US\"},{\"@type\":\"Person\",\"@id\":\"https:\\\/\\\/www.inreghin.ro\\\/gradinita-pp3\\\/#\\\/schema\\\/person\\\/bf5d977793f54c5be388fcfe40f549fb\",\"name\":\"gradinitapp3\",\"image\":{\"@type\":\"ImageObject\",\"inLanguage\":\"en-US\",\"@id\":\"https:\\\/\\\/secure.gravatar.com\\\/avatar\\\/d610c011b522000196e81de0bdbad92a9b9cb5375e4683ed7bfc01b0e3e5b08a?s=96&d=mm&r=g\",\"url\":\"https:\\\/\\\/secure.gravatar.com\\\/avatar\\\/d610c011b522000196e81de0bdbad92a9b9cb5375e4683ed7bfc01b0e3e5b08a?s=96&d=mm&r=g\",\"contentUrl\":\"https:\\\/\\\/secure.gravatar.com\\\/avatar\\\/d610c011b522000196e81de0bdbad92a9b9cb5375e4683ed7bfc01b0e3e5b08a?s=96&d=mm&r=g\",\"caption\":\"gradinitapp3\"},\"url\":\"https:\\\/\\\/www.inreghin.ro\\\/gradinita-pp3\\\/author\\\/gradinitapp3\\\/\"}]}<\/script>\n<!-- \/ Yoast SEO plugin. -->","yoast_head_json":{"title":"- Gr\u0103dini\u021ba cu program prelungit nr. 3 - Reghin","robots":{"index":"index","follow":"follow","max-snippet":"max-snippet:-1","max-image-preview":"max-image-preview:large","max-video-preview":"max-video-preview:-1"},"canonical":"https:\/\/www.inreghin.ro\/gradinita-pp3\/2022\/09\/03\/810\/","og_locale":"en_US","og_type":"article","og_title":"- Gr\u0103dini\u021ba cu program prelungit nr. 3 - Reghin","og_description":"Dragi copii \u0219i p\u0103rin\u021bi, Por\u021bile gr\u0103dini\u021belor \u0219i cre\u0219elor noastre se vor deschide luni, 5 septembrie 2022. \u00centreg personalul v\u0103 a\u0219teapt\u0103 cu bra\u021bele deschise, cu s\u0103lile de [\u2026]","og_url":"https:\/\/www.inreghin.ro\/gradinita-pp3\/2022\/09\/03\/810\/","og_site_name":"Gr\u0103dini\u021ba cu program prelungit nr. 3 - Reghin","article_published_time":"2022-09-03T14:45:40+00:00","article_modified_time":"2022-09-03T15:26:06+00:00","og_image":[{"url":"https:\/\/www.inreghin.ro\/gradinita-pp3\/wp-content\/uploads\/sites\/6\/2022\/09\/IMAGINE.jpg","type":"","width":"","height":""}],"author":"gradinitapp3","twitter_card":"summary_large_image","twitter_misc":{"Written by":"gradinitapp3","Est. reading time":"1 minute"},"schema":{"@context":"https:\/\/schema.org","@graph":[{"@type":"Article","@id":"https:\/\/www.inreghin.ro\/gradinita-pp3\/2022\/09\/03\/810\/#article","isPartOf":{"@id":"https:\/\/www.inreghin.ro\/gradinita-pp3\/2022\/09\/03\/810\/"},"author":{"name":"gradinitapp3","@id":"https:\/\/www.inreghin.ro\/gradinita-pp3\/#\/schema\/person\/bf5d977793f54c5be388fcfe40f549fb"},"headline":"No title","datePublished":"2022-09-03T14:45:40+00:00","dateModified":"2022-09-03T15:26:06+00:00","mainEntityOfPage":{"@id":"https:\/\/www.inreghin.ro\/gradinita-pp3\/2022\/09\/03\/810\/"},"wordCount":110,"commentCount":0,"image":{"@id":"https:\/\/www.inreghin.ro\/gradinita-pp3\/2022\/09\/03\/810\/#primaryimage"},"thumbnailUrl":"https:\/\/www.inreghin.ro\/gradinita-pp3\/wp-content\/uploads\/sites\/6\/2022\/09\/IMAGINE.jpg","inLanguage":"en-US","potentialAction":[{"@type":"CommentAction","name":"Comment","target":["https:\/\/www.inreghin.ro\/gradinita-pp3\/2022\/09\/03\/810\/#respond"]}]},{"@type":"WebPage","@id":"https:\/\/www.inreghin.ro\/gradinita-pp3\/2022\/09\/03\/810\/","url":"https:\/\/www.inreghin.ro\/gradinita-pp3\/2022\/09\/03\/810\/","name":"- Gr\u0103dini\u021ba cu program prelungit nr. 3 - Reghin","isPartOf":{"@id":"https:\/\/www.inreghin.ro\/gradinita-pp3\/#website"},"primaryImageOfPage":{"@id":"https:\/\/www.inreghin.ro\/gradinita-pp3\/2022\/09\/03\/810\/#primaryimage"},"image":{"@id":"https:\/\/www.inreghin.ro\/gradinita-pp3\/2022\/09\/03\/810\/#primaryimage"},"thumbnailUrl":"https:\/\/www.inreghin.ro\/gradinita-pp3\/wp-content\/uploads\/sites\/6\/2022\/09\/IMAGINE.jpg","datePublished":"2022-09-03T14:45:40+00:00","dateModified":"2022-09-03T15:26:06+00:00","author":{"@id":"https:\/\/www.inreghin.ro\/gradinita-pp3\/#\/schema\/person\/bf5d977793f54c5be388fcfe40f549fb"},"inLanguage":"en-US","potentialAction":[{"@type":"ReadAction","target":["https:\/\/www.inreghin.ro\/gradinita-pp3\/2022\/09\/03\/810\/"]}]},{"@type":"ImageObject","inLanguage":"en-US","@id":"https:\/\/www.inreghin.ro\/gradinita-pp3\/2022\/09\/03\/810\/#primaryimage","url":"https:\/\/www.inreghin.ro\/gradinita-pp3\/wp-content\/uploads\/sites\/6\/2022\/09\/IMAGINE.jpg","contentUrl":"https:\/\/www.inreghin.ro\/gradinita-pp3\/wp-content\/uploads\/sites\/6\/2022\/09\/IMAGINE.jpg","width":700,"height":420},{"@type":"WebSite","@id":"https:\/\/www.inreghin.ro\/gradinita-pp3\/#website","url":"https:\/\/www.inreghin.ro\/gradinita-pp3\/","name":"Gr\u0103dini\u021ba cu program prelungit nr. 3 - Reghin","description":"","potentialAction":[{"@type":"SearchAction","target":{"@type":"EntryPoint","urlTemplate":"https:\/\/www.inreghin.ro\/gradinita-pp3\/?s={search_term_string}"},"query-input":{"@type":"PropertyValueSpecification","valueRequired":true,"valueName":"search_term_string"}}],"inLanguage":"en-US"},{"@type":"Person","@id":"https:\/\/www.inreghin.ro\/gradinita-pp3\/#\/schema\/person\/bf5d977793f54c5be388fcfe40f549fb","name":"gradinitapp3","image":{"@type":"ImageObject","inLanguage":"en-US","@id":"https:\/\/secure.gravatar.com\/avatar\/d610c011b522000196e81de0bdbad92a9b9cb5375e4683ed7bfc01b0e3e5b08a?s=96&d=mm&r=g","url":"https:\/\/secure.gravatar.com\/avatar\/d610c011b522000196e81de0bdbad92a9b9cb5375e4683ed7bfc01b0e3e5b08a?s=96&d=mm&r=g","contentUrl":"https:\/\/secure.gravatar.com\/avatar\/d610c011b522000196e81de0bdbad92a9b9cb5375e4683ed7bfc01b0e3e5b08a?s=96&d=mm&r=g","caption":"gradinitapp3"},"url":"https:\/\/www.inreghin.ro\/gradinita-pp3\/author\/gradinitapp3\/"}]}},"_links":{"self":[{"href":"https:\/\/www.inreghin.ro\/gradinita-pp3\/wp-json\/wp\/v2\/posts\/810","targetHints":{"allow":["GET"]}}],"collection":[{"href":"https:\/\/www.inreghin.ro\/gradinita-pp3\/wp-json\/wp\/v2\/posts"}],"about":[{"href":"https:\/\/www.inreghin.ro\/gradinita-pp3\/wp-json\/wp\/v2\/types\/post"}],"author":[{"embeddable":true,"href":"https:\/\/www.inreghin.ro\/gradinita-pp3\/wp-json\/wp\/v2\/users\/7"}],"replies":[{"embeddable":true,"href":"https:\/\/www.inreghin.ro\/gradinita-pp3\/wp-json\/wp\/v2\/comments?post=810"}],"version-history":[{"count":13,"href":"https:\/\/www.inreghin.ro\/gradinita-pp3\/wp-json\/wp\/v2\/posts\/810\/revisions"}],"predecessor-version":[{"id":839,"href":"https:\/\/www.inreghin.ro\/gradinita-pp3\/wp-json\/wp\/v2\/posts\/810\/revisions\/839"}],"wp:attachment":[{"href":"https:\/\/www.inreghin.ro\/gradinita-pp3\/wp-json\/wp\/v2\/media?parent=810"}],"wp:term":[{"taxonomy":"category","embeddable":true,"href":"https:\/\/www.inreghin.ro\/gradinita-pp3\/wp-json\/wp\/v2\/categories?post=810"},{"taxonomy":"post_tag","embeddable":true,"href":"https:\/\/www.inreghin.ro\/gradinita-pp3\/wp-json\/wp\/v2\/tags?post=810"}],"curies":[{"name":"wp","href":"https:\/\/api.w.org\/{rel}","templated":true}]}}