{"id":968,"date":"2022-03-30T19:26:07","date_gmt":"2022-03-30T16:26:07","guid":{"rendered":"https:\/\/www.inreghin.ro\/gradinita-pp2\/?p=968"},"modified":"2022-03-30T21:28:34","modified_gmt":"2022-03-30T18:28:34","slug":"de-martisor-abordari-creative-si-inovative-in-activitatile-cu-prescolarii","status":"publish","type":"post","link":"https:\/\/www.inreghin.ro\/gradinita-pp2\/2022\/03\/30\/de-martisor-abordari-creative-si-inovative-in-activitatile-cu-prescolarii\/","title":{"rendered":"\u201eDE M\u0102R\u021aI\u0218OR \u2013 ABORD\u0102RI CREATIVE \u0218I INOVATIVE \u00ceN ACTIVIT\u0102\u021aILE CU PRE\u0218COLARII\u201d"},"content":{"rendered":"\t\t<div data-elementor-type=\"wp-post\" data-elementor-id=\"968\" class=\"elementor elementor-968\">\n\t\t\t\t\t\t<section class=\"elementor-section elementor-top-section elementor-element elementor-element-209e1df9 elementor-section-boxed elementor-section-height-default elementor-section-height-default\" data-id=\"209e1df9\" data-element_type=\"section\" data-e-type=\"section\">\n\t\t\t\t\t\t<div class=\"elementor-container elementor-column-gap-default\">\n\t\t\t\t\t<div class=\"elementor-column elementor-col-100 elementor-top-column elementor-element elementor-element-6213898e\" data-id=\"6213898e\" data-element_type=\"column\" data-e-type=\"column\">\n\t\t\t<div class=\"elementor-widget-wrap elementor-element-populated\">\n\t\t\t\t\t\t<div class=\"elementor-element elementor-element-479698a elementor-widget elementor-widget-text-editor\" data-id=\"479698a\" data-element_type=\"widget\" data-e-type=\"widget\" data-widget_type=\"text-editor.default\">\n\t\t\t\t<div class=\"elementor-widget-container\">\n\t\t\t\t\t\t\t\t\t\n<p>\u00cen acest an, din dorin\u021ba de a le oferi posibilitatea cadrelor didactice de a-\u0219i \u00eemp\u0103rt\u0103\u0219i exemplele de bune practici, am hot\u0103r\u00e2t s\u0103 cre\u0103m o nou\u0103 sec\u021biune, destinat\u0103 exclusiv educatoarelor: Simpozionul Jude\u021bean online \u201eDe M\u0103r\u021bi\u0219or &#8211; abord\u0103ri creative \u0219i inovative \u00een activit\u0103\u021bile cu pre\u0219colarii\u201d. Prin organizarea \u0219i desf\u0103\u0219urarea acestui simpozion, ne-am dorit s\u0103 descoperim \u0219i s\u0103 promov\u0103m modalit\u0103\u021bi de realizare \u0219i desf\u0103\u0219urare a unor secven\u021be \u0219i crea\u021bii originale ale cadrelor didactice, din activit\u0103\u021bile desf\u0103\u0219urate \u00een preajma zilei de 1 Martie. \u00a0<\/p>\n<p>Lucr\u0103rile trimise au fost publicate \u00eentr-un auxiliar curricular electronic \u201eDe M\u0103r\u021bi\u0219or &#8211; abord\u0103ri creative \u0219i inovative \u00een activit\u0103\u021bile cu pre\u0219colarii\u201d, cu ISBN, care ne dorim s\u0103\u00a0 reprezinte o surs\u0103 de inspira\u021bie pentru toate cadrele didactice.<\/p>\n<p>Vezi auxiliarul <a href=\"https:\/\/www.inreghin.ro\/gradinita-pp2\/wp-content\/uploads\/sites\/4\/2022\/03\/VOLUM-AUXILIAR-DIDACTIC-ISBN-1.pdf\">aici<\/a>.<\/p>\n\t\t\t\t\t\t\t\t<\/div>\n\t\t\t\t<\/div>\n\t\t\t\t\t<\/div>\n\t\t<\/div>\n\t\t\t\t\t<\/div>\n\t\t<\/section>\n\t\t\t\t<\/div>\n\t\t","protected":false},"excerpt":{"rendered":"<p>Auxiliar didactic<\/p>\n","protected":false},"author":5,"featured_media":1037,"comment_status":"open","ping_status":"open","sticky":false,"template":"","format":"standard","meta":{"inline_featured_image":false,"footnotes":""},"categories":[8],"tags":[],"class_list":["post-968","post","type-post","status-publish","format-standard","has-post-thumbnail","hentry","category-proiecte-educationale"],"yoast_head":"<!-- This site is optimized with the Yoast SEO plugin v27.5 - https:\/\/yoast.com\/product\/yoast-seo-wordpress\/ -->\n<title>\u201eDE M\u0102R\u021aI\u0218OR \u2013 ABORD\u0102RI CREATIVE \u0218I INOVATIVE \u00ceN ACTIVIT\u0102\u021aILE CU PRE\u0218COLARII\u201d - Gr\u0103dini\u021ba cu program prelungit nr. 2 - Reghin<\/title>\n<meta name=\"robots\" content=\"index, follow, max-snippet:-1, max-image-preview:large, max-video-preview:-1\" \/>\n<link rel=\"canonical\" href=\"https:\/\/www.inreghin.ro\/gradinita-pp2\/2022\/03\/30\/de-martisor-abordari-creative-si-inovative-in-activitatile-cu-prescolarii\/\" \/>\n<meta property=\"og:locale\" content=\"ro_RO\" \/>\n<meta property=\"og:type\" content=\"article\" \/>\n<meta property=\"og:title\" content=\"\u201eDE M\u0102R\u021aI\u0218OR \u2013 ABORD\u0102RI CREATIVE \u0218I INOVATIVE \u00ceN ACTIVIT\u0102\u021aILE CU PRE\u0218COLARII\u201d - Gr\u0103dini\u021ba cu program prelungit nr. 2 - Reghin\" \/>\n<meta property=\"og:description\" content=\"Auxiliar didactic\" \/>\n<meta property=\"og:url\" content=\"https:\/\/www.inreghin.ro\/gradinita-pp2\/2022\/03\/30\/de-martisor-abordari-creative-si-inovative-in-activitatile-cu-prescolarii\/\" \/>\n<meta property=\"og:site_name\" content=\"Gr\u0103dini\u021ba cu program prelungit nr. 2 - Reghin\" \/>\n<meta property=\"article:published_time\" content=\"2022-03-30T16:26:07+00:00\" \/>\n<meta property=\"article:modified_time\" content=\"2022-03-30T18:28:34+00:00\" \/>\n<meta property=\"og:image\" content=\"https:\/\/www.inreghin.ro\/gradinita-pp2\/wp-content\/uploads\/sites\/4\/2022\/03\/coperta-auxiliar.jpeg\" \/>\n\t<meta property=\"og:image:width\" content=\"1080\" \/>\n\t<meta property=\"og:image:height\" content=\"672\" \/>\n\t<meta property=\"og:image:type\" content=\"image\/jpeg\" \/>\n<meta name=\"author\" content=\"Colectiv Gr\u0103dini\u021ba PP2\" \/>\n<meta name=\"twitter:card\" content=\"summary_large_image\" \/>\n<meta name=\"twitter:label1\" content=\"Scris de\" \/>\n\t<meta name=\"twitter:data1\" content=\"Colectiv Gr\u0103dini\u021ba PP2\" \/>\n\t<meta name=\"twitter:label2\" content=\"Timp estimat pentru citire\" \/>\n\t<meta name=\"twitter:data2\" content=\"1 minut\" \/>\n<script type=\"application\/ld+json\" class=\"yoast-schema-graph\">{\"@context\":\"https:\\\/\\\/schema.org\",\"@graph\":[{\"@type\":\"Article\",\"@id\":\"https:\\\/\\\/www.inreghin.ro\\\/gradinita-pp2\\\/2022\\\/03\\\/30\\\/de-martisor-abordari-creative-si-inovative-in-activitatile-cu-prescolarii\\\/#article\",\"isPartOf\":{\"@id\":\"https:\\\/\\\/www.inreghin.ro\\\/gradinita-pp2\\\/2022\\\/03\\\/30\\\/de-martisor-abordari-creative-si-inovative-in-activitatile-cu-prescolarii\\\/\"},\"author\":{\"name\":\"Colectiv Gr\u0103dini\u021ba PP2\",\"@id\":\"https:\\\/\\\/www.inreghin.ro\\\/gradinita-pp2\\\/#\\\/schema\\\/person\\\/441aee7d6e1ec68a89adbb508b03033e\"},\"headline\":\"\u201eDE M\u0102R\u021aI\u0218OR \u2013 ABORD\u0102RI CREATIVE \u0218I INOVATIVE \u00ceN ACTIVIT\u0102\u021aILE CU PRE\u0218COLARII\u201d\",\"datePublished\":\"2022-03-30T16:26:07+00:00\",\"dateModified\":\"2022-03-30T18:28:34+00:00\",\"mainEntityOfPage\":{\"@id\":\"https:\\\/\\\/www.inreghin.ro\\\/gradinita-pp2\\\/2022\\\/03\\\/30\\\/de-martisor-abordari-creative-si-inovative-in-activitatile-cu-prescolarii\\\/\"},\"wordCount\":163,\"commentCount\":1,\"image\":{\"@id\":\"https:\\\/\\\/www.inreghin.ro\\\/gradinita-pp2\\\/2022\\\/03\\\/30\\\/de-martisor-abordari-creative-si-inovative-in-activitatile-cu-prescolarii\\\/#primaryimage\"},\"thumbnailUrl\":\"https:\\\/\\\/www.inreghin.ro\\\/gradinita-pp2\\\/wp-content\\\/uploads\\\/sites\\\/4\\\/2022\\\/03\\\/coperta-auxiliar.jpeg\",\"articleSection\":[\"Proiecte educa\u021bionale\"],\"inLanguage\":\"ro-RO\",\"potentialAction\":[{\"@type\":\"CommentAction\",\"name\":\"Comment\",\"target\":[\"https:\\\/\\\/www.inreghin.ro\\\/gradinita-pp2\\\/2022\\\/03\\\/30\\\/de-martisor-abordari-creative-si-inovative-in-activitatile-cu-prescolarii\\\/#respond\"]}]},{\"@type\":\"WebPage\",\"@id\":\"https:\\\/\\\/www.inreghin.ro\\\/gradinita-pp2\\\/2022\\\/03\\\/30\\\/de-martisor-abordari-creative-si-inovative-in-activitatile-cu-prescolarii\\\/\",\"url\":\"https:\\\/\\\/www.inreghin.ro\\\/gradinita-pp2\\\/2022\\\/03\\\/30\\\/de-martisor-abordari-creative-si-inovative-in-activitatile-cu-prescolarii\\\/\",\"name\":\"\u201eDE M\u0102R\u021aI\u0218OR \u2013 ABORD\u0102RI CREATIVE \u0218I INOVATIVE \u00ceN ACTIVIT\u0102\u021aILE CU PRE\u0218COLARII\u201d - Gr\u0103dini\u021ba cu program prelungit nr. 2 - Reghin\",\"isPartOf\":{\"@id\":\"https:\\\/\\\/www.inreghin.ro\\\/gradinita-pp2\\\/#website\"},\"primaryImageOfPage\":{\"@id\":\"https:\\\/\\\/www.inreghin.ro\\\/gradinita-pp2\\\/2022\\\/03\\\/30\\\/de-martisor-abordari-creative-si-inovative-in-activitatile-cu-prescolarii\\\/#primaryimage\"},\"image\":{\"@id\":\"https:\\\/\\\/www.inreghin.ro\\\/gradinita-pp2\\\/2022\\\/03\\\/30\\\/de-martisor-abordari-creative-si-inovative-in-activitatile-cu-prescolarii\\\/#primaryimage\"},\"thumbnailUrl\":\"https:\\\/\\\/www.inreghin.ro\\\/gradinita-pp2\\\/wp-content\\\/uploads\\\/sites\\\/4\\\/2022\\\/03\\\/coperta-auxiliar.jpeg\",\"datePublished\":\"2022-03-30T16:26:07+00:00\",\"dateModified\":\"2022-03-30T18:28:34+00:00\",\"author\":{\"@id\":\"https:\\\/\\\/www.inreghin.ro\\\/gradinita-pp2\\\/#\\\/schema\\\/person\\\/441aee7d6e1ec68a89adbb508b03033e\"},\"breadcrumb\":{\"@id\":\"https:\\\/\\\/www.inreghin.ro\\\/gradinita-pp2\\\/2022\\\/03\\\/30\\\/de-martisor-abordari-creative-si-inovative-in-activitatile-cu-prescolarii\\\/#breadcrumb\"},\"inLanguage\":\"ro-RO\",\"potentialAction\":[{\"@type\":\"ReadAction\",\"target\":[\"https:\\\/\\\/www.inreghin.ro\\\/gradinita-pp2\\\/2022\\\/03\\\/30\\\/de-martisor-abordari-creative-si-inovative-in-activitatile-cu-prescolarii\\\/\"]}]},{\"@type\":\"ImageObject\",\"inLanguage\":\"ro-RO\",\"@id\":\"https:\\\/\\\/www.inreghin.ro\\\/gradinita-pp2\\\/2022\\\/03\\\/30\\\/de-martisor-abordari-creative-si-inovative-in-activitatile-cu-prescolarii\\\/#primaryimage\",\"url\":\"https:\\\/\\\/www.inreghin.ro\\\/gradinita-pp2\\\/wp-content\\\/uploads\\\/sites\\\/4\\\/2022\\\/03\\\/coperta-auxiliar.jpeg\",\"contentUrl\":\"https:\\\/\\\/www.inreghin.ro\\\/gradinita-pp2\\\/wp-content\\\/uploads\\\/sites\\\/4\\\/2022\\\/03\\\/coperta-auxiliar.jpeg\",\"width\":1080,\"height\":672},{\"@type\":\"BreadcrumbList\",\"@id\":\"https:\\\/\\\/www.inreghin.ro\\\/gradinita-pp2\\\/2022\\\/03\\\/30\\\/de-martisor-abordari-creative-si-inovative-in-activitatile-cu-prescolarii\\\/#breadcrumb\",\"itemListElement\":[{\"@type\":\"ListItem\",\"position\":1,\"name\":\"Home\",\"item\":\"https:\\\/\\\/www.inreghin.ro\\\/gradinita-pp2\\\/\"},{\"@type\":\"ListItem\",\"position\":2,\"name\":\"\u201eDE M\u0102R\u021aI\u0218OR \u2013 ABORD\u0102RI CREATIVE \u0218I INOVATIVE \u00ceN ACTIVIT\u0102\u021aILE CU PRE\u0218COLARII\u201d\"}]},{\"@type\":\"WebSite\",\"@id\":\"https:\\\/\\\/www.inreghin.ro\\\/gradinita-pp2\\\/#website\",\"url\":\"https:\\\/\\\/www.inreghin.ro\\\/gradinita-pp2\\\/\",\"name\":\"Gr\u0103dini\u021ba cu program prelungit nr. 2 - Reghin\",\"description\":\"\",\"potentialAction\":[{\"@type\":\"SearchAction\",\"target\":{\"@type\":\"EntryPoint\",\"urlTemplate\":\"https:\\\/\\\/www.inreghin.ro\\\/gradinita-pp2\\\/?s={search_term_string}\"},\"query-input\":{\"@type\":\"PropertyValueSpecification\",\"valueRequired\":true,\"valueName\":\"search_term_string\"}}],\"inLanguage\":\"ro-RO\"},{\"@type\":\"Person\",\"@id\":\"https:\\\/\\\/www.inreghin.ro\\\/gradinita-pp2\\\/#\\\/schema\\\/person\\\/441aee7d6e1ec68a89adbb508b03033e\",\"name\":\"Colectiv Gr\u0103dini\u021ba PP2\",\"image\":{\"@type\":\"ImageObject\",\"inLanguage\":\"ro-RO\",\"@id\":\"https:\\\/\\\/secure.gravatar.com\\\/avatar\\\/3d3dbfaa7f6301d6a3721bfeaa73df0aec03ecd8dbeae5709ee77e51b7e6b011?s=96&d=mm&r=g\",\"url\":\"https:\\\/\\\/secure.gravatar.com\\\/avatar\\\/3d3dbfaa7f6301d6a3721bfeaa73df0aec03ecd8dbeae5709ee77e51b7e6b011?s=96&d=mm&r=g\",\"contentUrl\":\"https:\\\/\\\/secure.gravatar.com\\\/avatar\\\/3d3dbfaa7f6301d6a3721bfeaa73df0aec03ecd8dbeae5709ee77e51b7e6b011?s=96&d=mm&r=g\",\"caption\":\"Colectiv Gr\u0103dini\u021ba PP2\"},\"url\":\"https:\\\/\\\/www.inreghin.ro\\\/gradinita-pp2\\\/author\\\/gradinitapp2\\\/\"}]}<\/script>\n<!-- \/ Yoast SEO plugin. -->","yoast_head_json":{"title":"\u201eDE M\u0102R\u021aI\u0218OR \u2013 ABORD\u0102RI CREATIVE \u0218I INOVATIVE \u00ceN ACTIVIT\u0102\u021aILE CU PRE\u0218COLARII\u201d - Gr\u0103dini\u021ba cu program prelungit nr. 2 - Reghin","robots":{"index":"index","follow":"follow","max-snippet":"max-snippet:-1","max-image-preview":"max-image-preview:large","max-video-preview":"max-video-preview:-1"},"canonical":"https:\/\/www.inreghin.ro\/gradinita-pp2\/2022\/03\/30\/de-martisor-abordari-creative-si-inovative-in-activitatile-cu-prescolarii\/","og_locale":"ro_RO","og_type":"article","og_title":"\u201eDE M\u0102R\u021aI\u0218OR \u2013 ABORD\u0102RI CREATIVE \u0218I INOVATIVE \u00ceN ACTIVIT\u0102\u021aILE CU PRE\u0218COLARII\u201d - Gr\u0103dini\u021ba cu program prelungit nr. 2 - Reghin","og_description":"Auxiliar didactic","og_url":"https:\/\/www.inreghin.ro\/gradinita-pp2\/2022\/03\/30\/de-martisor-abordari-creative-si-inovative-in-activitatile-cu-prescolarii\/","og_site_name":"Gr\u0103dini\u021ba cu program prelungit nr. 2 - Reghin","article_published_time":"2022-03-30T16:26:07+00:00","article_modified_time":"2022-03-30T18:28:34+00:00","og_image":[{"width":1080,"height":672,"url":"https:\/\/www.inreghin.ro\/gradinita-pp2\/wp-content\/uploads\/sites\/4\/2022\/03\/coperta-auxiliar.jpeg","type":"image\/jpeg"}],"author":"Colectiv Gr\u0103dini\u021ba PP2","twitter_card":"summary_large_image","twitter_misc":{"Scris de":"Colectiv Gr\u0103dini\u021ba PP2","Timp estimat pentru citire":"1 minut"},"schema":{"@context":"https:\/\/schema.org","@graph":[{"@type":"Article","@id":"https:\/\/www.inreghin.ro\/gradinita-pp2\/2022\/03\/30\/de-martisor-abordari-creative-si-inovative-in-activitatile-cu-prescolarii\/#article","isPartOf":{"@id":"https:\/\/www.inreghin.ro\/gradinita-pp2\/2022\/03\/30\/de-martisor-abordari-creative-si-inovative-in-activitatile-cu-prescolarii\/"},"author":{"name":"Colectiv Gr\u0103dini\u021ba PP2","@id":"https:\/\/www.inreghin.ro\/gradinita-pp2\/#\/schema\/person\/441aee7d6e1ec68a89adbb508b03033e"},"headline":"\u201eDE M\u0102R\u021aI\u0218OR \u2013 ABORD\u0102RI CREATIVE \u0218I INOVATIVE \u00ceN ACTIVIT\u0102\u021aILE CU PRE\u0218COLARII\u201d","datePublished":"2022-03-30T16:26:07+00:00","dateModified":"2022-03-30T18:28:34+00:00","mainEntityOfPage":{"@id":"https:\/\/www.inreghin.ro\/gradinita-pp2\/2022\/03\/30\/de-martisor-abordari-creative-si-inovative-in-activitatile-cu-prescolarii\/"},"wordCount":163,"commentCount":1,"image":{"@id":"https:\/\/www.inreghin.ro\/gradinita-pp2\/2022\/03\/30\/de-martisor-abordari-creative-si-inovative-in-activitatile-cu-prescolarii\/#primaryimage"},"thumbnailUrl":"https:\/\/www.inreghin.ro\/gradinita-pp2\/wp-content\/uploads\/sites\/4\/2022\/03\/coperta-auxiliar.jpeg","articleSection":["Proiecte educa\u021bionale"],"inLanguage":"ro-RO","potentialAction":[{"@type":"CommentAction","name":"Comment","target":["https:\/\/www.inreghin.ro\/gradinita-pp2\/2022\/03\/30\/de-martisor-abordari-creative-si-inovative-in-activitatile-cu-prescolarii\/#respond"]}]},{"@type":"WebPage","@id":"https:\/\/www.inreghin.ro\/gradinita-pp2\/2022\/03\/30\/de-martisor-abordari-creative-si-inovative-in-activitatile-cu-prescolarii\/","url":"https:\/\/www.inreghin.ro\/gradinita-pp2\/2022\/03\/30\/de-martisor-abordari-creative-si-inovative-in-activitatile-cu-prescolarii\/","name":"\u201eDE M\u0102R\u021aI\u0218OR \u2013 ABORD\u0102RI CREATIVE \u0218I INOVATIVE \u00ceN ACTIVIT\u0102\u021aILE CU PRE\u0218COLARII\u201d - Gr\u0103dini\u021ba cu program prelungit nr. 2 - Reghin","isPartOf":{"@id":"https:\/\/www.inreghin.ro\/gradinita-pp2\/#website"},"primaryImageOfPage":{"@id":"https:\/\/www.inreghin.ro\/gradinita-pp2\/2022\/03\/30\/de-martisor-abordari-creative-si-inovative-in-activitatile-cu-prescolarii\/#primaryimage"},"image":{"@id":"https:\/\/www.inreghin.ro\/gradinita-pp2\/2022\/03\/30\/de-martisor-abordari-creative-si-inovative-in-activitatile-cu-prescolarii\/#primaryimage"},"thumbnailUrl":"https:\/\/www.inreghin.ro\/gradinita-pp2\/wp-content\/uploads\/sites\/4\/2022\/03\/coperta-auxiliar.jpeg","datePublished":"2022-03-30T16:26:07+00:00","dateModified":"2022-03-30T18:28:34+00:00","author":{"@id":"https:\/\/www.inreghin.ro\/gradinita-pp2\/#\/schema\/person\/441aee7d6e1ec68a89adbb508b03033e"},"breadcrumb":{"@id":"https:\/\/www.inreghin.ro\/gradinita-pp2\/2022\/03\/30\/de-martisor-abordari-creative-si-inovative-in-activitatile-cu-prescolarii\/#breadcrumb"},"inLanguage":"ro-RO","potentialAction":[{"@type":"ReadAction","target":["https:\/\/www.inreghin.ro\/gradinita-pp2\/2022\/03\/30\/de-martisor-abordari-creative-si-inovative-in-activitatile-cu-prescolarii\/"]}]},{"@type":"ImageObject","inLanguage":"ro-RO","@id":"https:\/\/www.inreghin.ro\/gradinita-pp2\/2022\/03\/30\/de-martisor-abordari-creative-si-inovative-in-activitatile-cu-prescolarii\/#primaryimage","url":"https:\/\/www.inreghin.ro\/gradinita-pp2\/wp-content\/uploads\/sites\/4\/2022\/03\/coperta-auxiliar.jpeg","contentUrl":"https:\/\/www.inreghin.ro\/gradinita-pp2\/wp-content\/uploads\/sites\/4\/2022\/03\/coperta-auxiliar.jpeg","width":1080,"height":672},{"@type":"BreadcrumbList","@id":"https:\/\/www.inreghin.ro\/gradinita-pp2\/2022\/03\/30\/de-martisor-abordari-creative-si-inovative-in-activitatile-cu-prescolarii\/#breadcrumb","itemListElement":[{"@type":"ListItem","position":1,"name":"Home","item":"https:\/\/www.inreghin.ro\/gradinita-pp2\/"},{"@type":"ListItem","position":2,"name":"\u201eDE M\u0102R\u021aI\u0218OR \u2013 ABORD\u0102RI CREATIVE \u0218I INOVATIVE \u00ceN ACTIVIT\u0102\u021aILE CU PRE\u0218COLARII\u201d"}]},{"@type":"WebSite","@id":"https:\/\/www.inreghin.ro\/gradinita-pp2\/#website","url":"https:\/\/www.inreghin.ro\/gradinita-pp2\/","name":"Gr\u0103dini\u021ba cu program prelungit nr. 2 - Reghin","description":"","potentialAction":[{"@type":"SearchAction","target":{"@type":"EntryPoint","urlTemplate":"https:\/\/www.inreghin.ro\/gradinita-pp2\/?s={search_term_string}"},"query-input":{"@type":"PropertyValueSpecification","valueRequired":true,"valueName":"search_term_string"}}],"inLanguage":"ro-RO"},{"@type":"Person","@id":"https:\/\/www.inreghin.ro\/gradinita-pp2\/#\/schema\/person\/441aee7d6e1ec68a89adbb508b03033e","name":"Colectiv Gr\u0103dini\u021ba PP2","image":{"@type":"ImageObject","inLanguage":"ro-RO","@id":"https:\/\/secure.gravatar.com\/avatar\/3d3dbfaa7f6301d6a3721bfeaa73df0aec03ecd8dbeae5709ee77e51b7e6b011?s=96&d=mm&r=g","url":"https:\/\/secure.gravatar.com\/avatar\/3d3dbfaa7f6301d6a3721bfeaa73df0aec03ecd8dbeae5709ee77e51b7e6b011?s=96&d=mm&r=g","contentUrl":"https:\/\/secure.gravatar.com\/avatar\/3d3dbfaa7f6301d6a3721bfeaa73df0aec03ecd8dbeae5709ee77e51b7e6b011?s=96&d=mm&r=g","caption":"Colectiv Gr\u0103dini\u021ba PP2"},"url":"https:\/\/www.inreghin.ro\/gradinita-pp2\/author\/gradinitapp2\/"}]}},"_links":{"self":[{"href":"https:\/\/www.inreghin.ro\/gradinita-pp2\/wp-json\/wp\/v2\/posts\/968","targetHints":{"allow":["GET"]}}],"collection":[{"href":"https:\/\/www.inreghin.ro\/gradinita-pp2\/wp-json\/wp\/v2\/posts"}],"about":[{"href":"https:\/\/www.inreghin.ro\/gradinita-pp2\/wp-json\/wp\/v2\/types\/post"}],"author":[{"embeddable":true,"href":"https:\/\/www.inreghin.ro\/gradinita-pp2\/wp-json\/wp\/v2\/users\/5"}],"replies":[{"embeddable":true,"href":"https:\/\/www.inreghin.ro\/gradinita-pp2\/wp-json\/wp\/v2\/comments?post=968"}],"version-history":[{"count":51,"href":"https:\/\/www.inreghin.ro\/gradinita-pp2\/wp-json\/wp\/v2\/posts\/968\/revisions"}],"predecessor-version":[{"id":1040,"href":"https:\/\/www.inreghin.ro\/gradinita-pp2\/wp-json\/wp\/v2\/posts\/968\/revisions\/1040"}],"wp:featuredmedia":[{"embeddable":true,"href":"https:\/\/www.inreghin.ro\/gradinita-pp2\/wp-json\/wp\/v2\/media\/1037"}],"wp:attachment":[{"href":"https:\/\/www.inreghin.ro\/gradinita-pp2\/wp-json\/wp\/v2\/media?parent=968"}],"wp:term":[{"taxonomy":"category","embeddable":true,"href":"https:\/\/www.inreghin.ro\/gradinita-pp2\/wp-json\/wp\/v2\/categories?post=968"},{"taxonomy":"post_tag","embeddable":true,"href":"https:\/\/www.inreghin.ro\/gradinita-pp2\/wp-json\/wp\/v2\/tags?post=968"}],"curies":[{"name":"wp","href":"https:\/\/api.w.org\/{rel}","templated":true}]}}