{"id":1129,"date":"2023-03-22T14:54:35","date_gmt":"2023-03-22T12:54:35","guid":{"rendered":"https:\/\/www.inreghin.ro\/gradinita-pp2\/?p=1129"},"modified":"2023-03-22T14:54:36","modified_gmt":"2023-03-22T12:54:36","slug":"un-martisor-pentru-fiecare-editia-a-iv-a","status":"publish","type":"post","link":"https:\/\/www.inreghin.ro\/gradinita-pp2\/2023\/03\/22\/un-martisor-pentru-fiecare-editia-a-iv-a\/","title":{"rendered":"\u201eUn m\u0103r\u021bi\u0219or pentru fiecare\u201d &#8211; edi\u021bia a IV-a"},"content":{"rendered":"\n<p>Proiectul jude\u021bean \u201eUn m\u0103r\u021bi\u0219or pentru fiecare\u201d, a ajuns deja la edi\u021bia a VI-a. Proiectul concurs s-a desf\u0103\u0219urat, \u00een acest an, cu participare indirect\u0103 \u0219i este coordonat de &nbsp;Inspectoratul \u0218colar Jude\u021bean Mure\u0219 \u0219i Gr\u0103dini\u021ba cu Program Prelungit Nr. 4, Structura Gr\u0103dini\u021ba cu Program Prelungit Nr. 2, prin doamnele inspector \u0219colar pentru educa\u021bie timpurie prof. Gros Maria Ramona, director prof. Toncean Anca Iulia, prof. Alzner Sabina Elena, prof. Moldoveanu Alina Iuliana \u0219i prof. \u0218erban Ionela Maria, care au asigurat bunul demers al acestui proiect.<\/p>\n\n\n\n<p>Ca \u00een fiecare an, \u0219i de data aceasta, m\u0103r\u021bi\u0219oarele trimise \u00een concurs au dat dovad\u0103 de creativitate \u0219i originalitate, deschiz\u00e2nd poarta prim\u0103verii spre re\u00eennoire, speran\u021b\u0103, optimism \u0219i bucurie. Confec\u021bionarea de m\u0103r\u021bi\u0219oare dezvolt\u0103 la pre\u0219colari sim\u021bul \u0219i gustul estetic, imagina\u021bia, creativitatea, sim\u021bul practic, iar varietatea materialelor utilizate au pus \u00een valoare poten\u021bialul artistic \u0219i creativ al fiec\u0103ruia. Conform regulamentului, pre\u0219colarii au avut la dispozi\u021bie materiale diverse, cadrele didactice fiind cele care au \u00eendrumat confec\u021bionarea m\u0103r\u021bi\u0219oarelor, care ulterior au fost trimise spre jurizare unei comisii formate din cadre didactice. La final, au fost acordate diplome tuturor participan\u021bilor.<\/p>\n\n\n\n<figure class=\"wp-block-gallery has-nested-images columns-default is-cropped wp-block-gallery-1 is-layout-flex wp-block-gallery-is-layout-flex\">\n<figure class=\"wp-block-image size-large\"><img decoding=\"async\" width=\"154\" height=\"193\" data-id=\"1132\" src=\"https:\/\/www.inreghin.ro\/gradinita-pp2\/wp-content\/uploads\/sites\/4\/2023\/03\/martisor.png\" alt=\"\" class=\"wp-image-1132\" srcset=\"https:\/\/www.inreghin.ro\/gradinita-pp2\/wp-content\/uploads\/sites\/4\/2023\/03\/martisor.png 154w, https:\/\/www.inreghin.ro\/gradinita-pp2\/wp-content\/uploads\/sites\/4\/2023\/03\/martisor-116x146.png 116w, https:\/\/www.inreghin.ro\/gradinita-pp2\/wp-content\/uploads\/sites\/4\/2023\/03\/martisor-40x50.png 40w, https:\/\/www.inreghin.ro\/gradinita-pp2\/wp-content\/uploads\/sites\/4\/2023\/03\/martisor-60x75.png 60w\" sizes=\"(max-width:767px) 154px, 154px\" \/><\/figure>\n\n\n\n<figure class=\"wp-block-image size-large\"><img fetchpriority=\"high\" decoding=\"async\" width=\"768\" height=\"1024\" data-id=\"1131\" src=\"https:\/\/www.inreghin.ro\/gradinita-pp2\/wp-content\/uploads\/sites\/4\/2023\/03\/martisor-1-768x1024.jpg\" alt=\"\" class=\"wp-image-1131\" srcset=\"https:\/\/www.inreghin.ro\/gradinita-pp2\/wp-content\/uploads\/sites\/4\/2023\/03\/martisor-1-768x1023.jpg 768w, https:\/\/www.inreghin.ro\/gradinita-pp2\/wp-content\/uploads\/sites\/4\/2023\/03\/martisor-1-225x300.jpg 225w, https:\/\/www.inreghin.ro\/gradinita-pp2\/wp-content\/uploads\/sites\/4\/2023\/03\/martisor-1-1153x1536.jpg 1153w, https:\/\/www.inreghin.ro\/gradinita-pp2\/wp-content\/uploads\/sites\/4\/2023\/03\/martisor-1-110x146.jpg 110w, https:\/\/www.inreghin.ro\/gradinita-pp2\/wp-content\/uploads\/sites\/4\/2023\/03\/martisor-1-38x50.jpg 38w, https:\/\/www.inreghin.ro\/gradinita-pp2\/wp-content\/uploads\/sites\/4\/2023\/03\/martisor-1-56x75.jpg 56w, https:\/\/www.inreghin.ro\/gradinita-pp2\/wp-content\/uploads\/sites\/4\/2023\/03\/martisor-1.jpg 1200w\" sizes=\"(max-width:767px) 480px, (max-width:768px) 100vw, 768px\" \/><\/figure>\n\n\n\n<figure class=\"wp-block-image size-large\"><img decoding=\"async\" width=\"768\" height=\"1024\" data-id=\"1130\" src=\"https:\/\/www.inreghin.ro\/gradinita-pp2\/wp-content\/uploads\/sites\/4\/2023\/03\/martisor-2-768x1024.jpg\" alt=\"\" class=\"wp-image-1130\" srcset=\"https:\/\/www.inreghin.ro\/gradinita-pp2\/wp-content\/uploads\/sites\/4\/2023\/03\/martisor-2-768x1023.jpg 768w, https:\/\/www.inreghin.ro\/gradinita-pp2\/wp-content\/uploads\/sites\/4\/2023\/03\/martisor-2-225x300.jpg 225w, https:\/\/www.inreghin.ro\/gradinita-pp2\/wp-content\/uploads\/sites\/4\/2023\/03\/martisor-2-1153x1536.jpg 1153w, https:\/\/www.inreghin.ro\/gradinita-pp2\/wp-content\/uploads\/sites\/4\/2023\/03\/martisor-2-110x146.jpg 110w, https:\/\/www.inreghin.ro\/gradinita-pp2\/wp-content\/uploads\/sites\/4\/2023\/03\/martisor-2-38x50.jpg 38w, https:\/\/www.inreghin.ro\/gradinita-pp2\/wp-content\/uploads\/sites\/4\/2023\/03\/martisor-2-56x75.jpg 56w, https:\/\/www.inreghin.ro\/gradinita-pp2\/wp-content\/uploads\/sites\/4\/2023\/03\/martisor-2.jpg 1200w\" sizes=\"(max-width:767px) 480px, (max-width:768px) 100vw, 768px\" \/><\/figure>\n<\/figure>\n","protected":false},"excerpt":{"rendered":"<p>Proiectul jude\u021bean \u201eUn m\u0103r\u021bi\u0219or pentru fiecare\u201d, a ajuns deja la edi\u021bia a VI-a. Proiectul concurs s-a desf\u0103\u0219urat, \u00een acest an, cu participare indirect\u0103 \u0219i este coordonat<span class=\"excerpt-hellip\"> [\u2026]<\/span><\/p>\n","protected":false},"author":5,"featured_media":1131,"comment_status":"open","ping_status":"open","sticky":false,"template":"","format":"standard","meta":{"inline_featured_image":false,"footnotes":""},"categories":[1],"tags":[15,17,16,18],"class_list":["post-1129","post","type-post","status-publish","format-standard","has-post-thumbnail","hentry","category-mass-media","tag-concurs","tag-gradinita","tag-martisoare","tag-reghin"],"yoast_head":"<!-- This site is optimized with the Yoast SEO plugin v27.5 - https:\/\/yoast.com\/product\/yoast-seo-wordpress\/ -->\n<title>\u201eUn m\u0103r\u021bi\u0219or pentru fiecare\u201d - edi\u021bia a IV-a - Gr\u0103dini\u021ba cu program prelungit nr. 2 - Reghin<\/title>\n<meta name=\"robots\" content=\"index, follow, max-snippet:-1, max-image-preview:large, max-video-preview:-1\" \/>\n<link rel=\"canonical\" href=\"https:\/\/www.inreghin.ro\/gradinita-pp2\/2023\/03\/22\/un-martisor-pentru-fiecare-editia-a-iv-a\/\" \/>\n<meta property=\"og:locale\" content=\"ro_RO\" \/>\n<meta property=\"og:type\" content=\"article\" \/>\n<meta property=\"og:title\" content=\"\u201eUn m\u0103r\u021bi\u0219or pentru fiecare\u201d - edi\u021bia a IV-a - Gr\u0103dini\u021ba cu program prelungit nr. 2 - Reghin\" \/>\n<meta property=\"og:description\" content=\"Proiectul jude\u021bean \u201eUn m\u0103r\u021bi\u0219or pentru fiecare\u201d, a ajuns deja la edi\u021bia a VI-a. Proiectul concurs s-a desf\u0103\u0219urat, \u00een acest an, cu participare indirect\u0103 \u0219i este coordonat [\u2026]\" \/>\n<meta property=\"og:url\" content=\"https:\/\/www.inreghin.ro\/gradinita-pp2\/2023\/03\/22\/un-martisor-pentru-fiecare-editia-a-iv-a\/\" \/>\n<meta property=\"og:site_name\" content=\"Gr\u0103dini\u021ba cu program prelungit nr. 2 - Reghin\" \/>\n<meta property=\"article:published_time\" content=\"2023-03-22T12:54:35+00:00\" \/>\n<meta property=\"article:modified_time\" content=\"2023-03-22T12:54:36+00:00\" \/>\n<meta property=\"og:image\" content=\"https:\/\/www.inreghin.ro\/gradinita-pp2\/wp-content\/uploads\/sites\/4\/2023\/03\/martisor-1.jpg\" \/>\n\t<meta property=\"og:image:width\" content=\"1200\" \/>\n\t<meta property=\"og:image:height\" content=\"1599\" \/>\n\t<meta property=\"og:image:type\" content=\"image\/jpeg\" \/>\n<meta name=\"author\" content=\"Colectiv Gr\u0103dini\u021ba PP2\" \/>\n<meta name=\"twitter:card\" content=\"summary_large_image\" \/>\n<meta name=\"twitter:label1\" content=\"Scris de\" \/>\n\t<meta name=\"twitter:data1\" content=\"Colectiv Gr\u0103dini\u021ba PP2\" \/>\n\t<meta name=\"twitter:label2\" content=\"Timp estimat pentru citire\" \/>\n\t<meta name=\"twitter:data2\" content=\"2 minute\" \/>\n<script type=\"application\/ld+json\" class=\"yoast-schema-graph\">{\"@context\":\"https:\\\/\\\/schema.org\",\"@graph\":[{\"@type\":\"Article\",\"@id\":\"https:\\\/\\\/www.inreghin.ro\\\/gradinita-pp2\\\/2023\\\/03\\\/22\\\/un-martisor-pentru-fiecare-editia-a-iv-a\\\/#article\",\"isPartOf\":{\"@id\":\"https:\\\/\\\/www.inreghin.ro\\\/gradinita-pp2\\\/2023\\\/03\\\/22\\\/un-martisor-pentru-fiecare-editia-a-iv-a\\\/\"},\"author\":{\"name\":\"Colectiv Gr\u0103dini\u021ba PP2\",\"@id\":\"https:\\\/\\\/www.inreghin.ro\\\/gradinita-pp2\\\/#\\\/schema\\\/person\\\/441aee7d6e1ec68a89adbb508b03033e\"},\"headline\":\"\u201eUn m\u0103r\u021bi\u0219or pentru fiecare\u201d &#8211; edi\u021bia a IV-a\",\"datePublished\":\"2023-03-22T12:54:35+00:00\",\"dateModified\":\"2023-03-22T12:54:36+00:00\",\"mainEntityOfPage\":{\"@id\":\"https:\\\/\\\/www.inreghin.ro\\\/gradinita-pp2\\\/2023\\\/03\\\/22\\\/un-martisor-pentru-fiecare-editia-a-iv-a\\\/\"},\"wordCount\":223,\"commentCount\":0,\"image\":{\"@id\":\"https:\\\/\\\/www.inreghin.ro\\\/gradinita-pp2\\\/2023\\\/03\\\/22\\\/un-martisor-pentru-fiecare-editia-a-iv-a\\\/#primaryimage\"},\"thumbnailUrl\":\"https:\\\/\\\/www.inreghin.ro\\\/gradinita-pp2\\\/wp-content\\\/uploads\\\/sites\\\/4\\\/2023\\\/03\\\/martisor-1.jpg\",\"keywords\":[\"concurs\",\"gradinita\",\"martisoare\",\"Reghin\"],\"articleSection\":[\"Mass media\"],\"inLanguage\":\"ro-RO\",\"potentialAction\":[{\"@type\":\"CommentAction\",\"name\":\"Comment\",\"target\":[\"https:\\\/\\\/www.inreghin.ro\\\/gradinita-pp2\\\/2023\\\/03\\\/22\\\/un-martisor-pentru-fiecare-editia-a-iv-a\\\/#respond\"]}]},{\"@type\":\"WebPage\",\"@id\":\"https:\\\/\\\/www.inreghin.ro\\\/gradinita-pp2\\\/2023\\\/03\\\/22\\\/un-martisor-pentru-fiecare-editia-a-iv-a\\\/\",\"url\":\"https:\\\/\\\/www.inreghin.ro\\\/gradinita-pp2\\\/2023\\\/03\\\/22\\\/un-martisor-pentru-fiecare-editia-a-iv-a\\\/\",\"name\":\"\u201eUn m\u0103r\u021bi\u0219or pentru fiecare\u201d - edi\u021bia a IV-a - Gr\u0103dini\u021ba cu program prelungit nr. 2 - Reghin\",\"isPartOf\":{\"@id\":\"https:\\\/\\\/www.inreghin.ro\\\/gradinita-pp2\\\/#website\"},\"primaryImageOfPage\":{\"@id\":\"https:\\\/\\\/www.inreghin.ro\\\/gradinita-pp2\\\/2023\\\/03\\\/22\\\/un-martisor-pentru-fiecare-editia-a-iv-a\\\/#primaryimage\"},\"image\":{\"@id\":\"https:\\\/\\\/www.inreghin.ro\\\/gradinita-pp2\\\/2023\\\/03\\\/22\\\/un-martisor-pentru-fiecare-editia-a-iv-a\\\/#primaryimage\"},\"thumbnailUrl\":\"https:\\\/\\\/www.inreghin.ro\\\/gradinita-pp2\\\/wp-content\\\/uploads\\\/sites\\\/4\\\/2023\\\/03\\\/martisor-1.jpg\",\"datePublished\":\"2023-03-22T12:54:35+00:00\",\"dateModified\":\"2023-03-22T12:54:36+00:00\",\"author\":{\"@id\":\"https:\\\/\\\/www.inreghin.ro\\\/gradinita-pp2\\\/#\\\/schema\\\/person\\\/441aee7d6e1ec68a89adbb508b03033e\"},\"breadcrumb\":{\"@id\":\"https:\\\/\\\/www.inreghin.ro\\\/gradinita-pp2\\\/2023\\\/03\\\/22\\\/un-martisor-pentru-fiecare-editia-a-iv-a\\\/#breadcrumb\"},\"inLanguage\":\"ro-RO\",\"potentialAction\":[{\"@type\":\"ReadAction\",\"target\":[\"https:\\\/\\\/www.inreghin.ro\\\/gradinita-pp2\\\/2023\\\/03\\\/22\\\/un-martisor-pentru-fiecare-editia-a-iv-a\\\/\"]}]},{\"@type\":\"ImageObject\",\"inLanguage\":\"ro-RO\",\"@id\":\"https:\\\/\\\/www.inreghin.ro\\\/gradinita-pp2\\\/2023\\\/03\\\/22\\\/un-martisor-pentru-fiecare-editia-a-iv-a\\\/#primaryimage\",\"url\":\"https:\\\/\\\/www.inreghin.ro\\\/gradinita-pp2\\\/wp-content\\\/uploads\\\/sites\\\/4\\\/2023\\\/03\\\/martisor-1.jpg\",\"contentUrl\":\"https:\\\/\\\/www.inreghin.ro\\\/gradinita-pp2\\\/wp-content\\\/uploads\\\/sites\\\/4\\\/2023\\\/03\\\/martisor-1.jpg\",\"width\":1200,\"height\":1599},{\"@type\":\"BreadcrumbList\",\"@id\":\"https:\\\/\\\/www.inreghin.ro\\\/gradinita-pp2\\\/2023\\\/03\\\/22\\\/un-martisor-pentru-fiecare-editia-a-iv-a\\\/#breadcrumb\",\"itemListElement\":[{\"@type\":\"ListItem\",\"position\":1,\"name\":\"Home\",\"item\":\"https:\\\/\\\/www.inreghin.ro\\\/gradinita-pp2\\\/\"},{\"@type\":\"ListItem\",\"position\":2,\"name\":\"\u201eUn m\u0103r\u021bi\u0219or pentru fiecare\u201d &#8211; edi\u021bia a IV-a\"}]},{\"@type\":\"WebSite\",\"@id\":\"https:\\\/\\\/www.inreghin.ro\\\/gradinita-pp2\\\/#website\",\"url\":\"https:\\\/\\\/www.inreghin.ro\\\/gradinita-pp2\\\/\",\"name\":\"Gr\u0103dini\u021ba cu program prelungit nr. 2 - Reghin\",\"description\":\"\",\"potentialAction\":[{\"@type\":\"SearchAction\",\"target\":{\"@type\":\"EntryPoint\",\"urlTemplate\":\"https:\\\/\\\/www.inreghin.ro\\\/gradinita-pp2\\\/?s={search_term_string}\"},\"query-input\":{\"@type\":\"PropertyValueSpecification\",\"valueRequired\":true,\"valueName\":\"search_term_string\"}}],\"inLanguage\":\"ro-RO\"},{\"@type\":\"Person\",\"@id\":\"https:\\\/\\\/www.inreghin.ro\\\/gradinita-pp2\\\/#\\\/schema\\\/person\\\/441aee7d6e1ec68a89adbb508b03033e\",\"name\":\"Colectiv Gr\u0103dini\u021ba PP2\",\"image\":{\"@type\":\"ImageObject\",\"inLanguage\":\"ro-RO\",\"@id\":\"https:\\\/\\\/secure.gravatar.com\\\/avatar\\\/3d3dbfaa7f6301d6a3721bfeaa73df0aec03ecd8dbeae5709ee77e51b7e6b011?s=96&d=mm&r=g\",\"url\":\"https:\\\/\\\/secure.gravatar.com\\\/avatar\\\/3d3dbfaa7f6301d6a3721bfeaa73df0aec03ecd8dbeae5709ee77e51b7e6b011?s=96&d=mm&r=g\",\"contentUrl\":\"https:\\\/\\\/secure.gravatar.com\\\/avatar\\\/3d3dbfaa7f6301d6a3721bfeaa73df0aec03ecd8dbeae5709ee77e51b7e6b011?s=96&d=mm&r=g\",\"caption\":\"Colectiv Gr\u0103dini\u021ba PP2\"},\"url\":\"https:\\\/\\\/www.inreghin.ro\\\/gradinita-pp2\\\/author\\\/gradinitapp2\\\/\"}]}<\/script>\n<!-- \/ Yoast SEO plugin. -->","yoast_head_json":{"title":"\u201eUn m\u0103r\u021bi\u0219or pentru fiecare\u201d - edi\u021bia a IV-a - Gr\u0103dini\u021ba cu program prelungit nr. 2 - Reghin","robots":{"index":"index","follow":"follow","max-snippet":"max-snippet:-1","max-image-preview":"max-image-preview:large","max-video-preview":"max-video-preview:-1"},"canonical":"https:\/\/www.inreghin.ro\/gradinita-pp2\/2023\/03\/22\/un-martisor-pentru-fiecare-editia-a-iv-a\/","og_locale":"ro_RO","og_type":"article","og_title":"\u201eUn m\u0103r\u021bi\u0219or pentru fiecare\u201d - edi\u021bia a IV-a - Gr\u0103dini\u021ba cu program prelungit nr. 2 - Reghin","og_description":"Proiectul jude\u021bean \u201eUn m\u0103r\u021bi\u0219or pentru fiecare\u201d, a ajuns deja la edi\u021bia a VI-a. Proiectul concurs s-a desf\u0103\u0219urat, \u00een acest an, cu participare indirect\u0103 \u0219i este coordonat [\u2026]","og_url":"https:\/\/www.inreghin.ro\/gradinita-pp2\/2023\/03\/22\/un-martisor-pentru-fiecare-editia-a-iv-a\/","og_site_name":"Gr\u0103dini\u021ba cu program prelungit nr. 2 - Reghin","article_published_time":"2023-03-22T12:54:35+00:00","article_modified_time":"2023-03-22T12:54:36+00:00","og_image":[{"width":1200,"height":1599,"url":"https:\/\/www.inreghin.ro\/gradinita-pp2\/wp-content\/uploads\/sites\/4\/2023\/03\/martisor-1.jpg","type":"image\/jpeg"}],"author":"Colectiv Gr\u0103dini\u021ba PP2","twitter_card":"summary_large_image","twitter_misc":{"Scris de":"Colectiv Gr\u0103dini\u021ba PP2","Timp estimat pentru citire":"2 minute"},"schema":{"@context":"https:\/\/schema.org","@graph":[{"@type":"Article","@id":"https:\/\/www.inreghin.ro\/gradinita-pp2\/2023\/03\/22\/un-martisor-pentru-fiecare-editia-a-iv-a\/#article","isPartOf":{"@id":"https:\/\/www.inreghin.ro\/gradinita-pp2\/2023\/03\/22\/un-martisor-pentru-fiecare-editia-a-iv-a\/"},"author":{"name":"Colectiv Gr\u0103dini\u021ba PP2","@id":"https:\/\/www.inreghin.ro\/gradinita-pp2\/#\/schema\/person\/441aee7d6e1ec68a89adbb508b03033e"},"headline":"\u201eUn m\u0103r\u021bi\u0219or pentru fiecare\u201d &#8211; edi\u021bia a IV-a","datePublished":"2023-03-22T12:54:35+00:00","dateModified":"2023-03-22T12:54:36+00:00","mainEntityOfPage":{"@id":"https:\/\/www.inreghin.ro\/gradinita-pp2\/2023\/03\/22\/un-martisor-pentru-fiecare-editia-a-iv-a\/"},"wordCount":223,"commentCount":0,"image":{"@id":"https:\/\/www.inreghin.ro\/gradinita-pp2\/2023\/03\/22\/un-martisor-pentru-fiecare-editia-a-iv-a\/#primaryimage"},"thumbnailUrl":"https:\/\/www.inreghin.ro\/gradinita-pp2\/wp-content\/uploads\/sites\/4\/2023\/03\/martisor-1.jpg","keywords":["concurs","gradinita","martisoare","Reghin"],"articleSection":["Mass media"],"inLanguage":"ro-RO","potentialAction":[{"@type":"CommentAction","name":"Comment","target":["https:\/\/www.inreghin.ro\/gradinita-pp2\/2023\/03\/22\/un-martisor-pentru-fiecare-editia-a-iv-a\/#respond"]}]},{"@type":"WebPage","@id":"https:\/\/www.inreghin.ro\/gradinita-pp2\/2023\/03\/22\/un-martisor-pentru-fiecare-editia-a-iv-a\/","url":"https:\/\/www.inreghin.ro\/gradinita-pp2\/2023\/03\/22\/un-martisor-pentru-fiecare-editia-a-iv-a\/","name":"\u201eUn m\u0103r\u021bi\u0219or pentru fiecare\u201d - edi\u021bia a IV-a - Gr\u0103dini\u021ba cu program prelungit nr. 2 - Reghin","isPartOf":{"@id":"https:\/\/www.inreghin.ro\/gradinita-pp2\/#website"},"primaryImageOfPage":{"@id":"https:\/\/www.inreghin.ro\/gradinita-pp2\/2023\/03\/22\/un-martisor-pentru-fiecare-editia-a-iv-a\/#primaryimage"},"image":{"@id":"https:\/\/www.inreghin.ro\/gradinita-pp2\/2023\/03\/22\/un-martisor-pentru-fiecare-editia-a-iv-a\/#primaryimage"},"thumbnailUrl":"https:\/\/www.inreghin.ro\/gradinita-pp2\/wp-content\/uploads\/sites\/4\/2023\/03\/martisor-1.jpg","datePublished":"2023-03-22T12:54:35+00:00","dateModified":"2023-03-22T12:54:36+00:00","author":{"@id":"https:\/\/www.inreghin.ro\/gradinita-pp2\/#\/schema\/person\/441aee7d6e1ec68a89adbb508b03033e"},"breadcrumb":{"@id":"https:\/\/www.inreghin.ro\/gradinita-pp2\/2023\/03\/22\/un-martisor-pentru-fiecare-editia-a-iv-a\/#breadcrumb"},"inLanguage":"ro-RO","potentialAction":[{"@type":"ReadAction","target":["https:\/\/www.inreghin.ro\/gradinita-pp2\/2023\/03\/22\/un-martisor-pentru-fiecare-editia-a-iv-a\/"]}]},{"@type":"ImageObject","inLanguage":"ro-RO","@id":"https:\/\/www.inreghin.ro\/gradinita-pp2\/2023\/03\/22\/un-martisor-pentru-fiecare-editia-a-iv-a\/#primaryimage","url":"https:\/\/www.inreghin.ro\/gradinita-pp2\/wp-content\/uploads\/sites\/4\/2023\/03\/martisor-1.jpg","contentUrl":"https:\/\/www.inreghin.ro\/gradinita-pp2\/wp-content\/uploads\/sites\/4\/2023\/03\/martisor-1.jpg","width":1200,"height":1599},{"@type":"BreadcrumbList","@id":"https:\/\/www.inreghin.ro\/gradinita-pp2\/2023\/03\/22\/un-martisor-pentru-fiecare-editia-a-iv-a\/#breadcrumb","itemListElement":[{"@type":"ListItem","position":1,"name":"Home","item":"https:\/\/www.inreghin.ro\/gradinita-pp2\/"},{"@type":"ListItem","position":2,"name":"\u201eUn m\u0103r\u021bi\u0219or pentru fiecare\u201d &#8211; edi\u021bia a IV-a"}]},{"@type":"WebSite","@id":"https:\/\/www.inreghin.ro\/gradinita-pp2\/#website","url":"https:\/\/www.inreghin.ro\/gradinita-pp2\/","name":"Gr\u0103dini\u021ba cu program prelungit nr. 2 - Reghin","description":"","potentialAction":[{"@type":"SearchAction","target":{"@type":"EntryPoint","urlTemplate":"https:\/\/www.inreghin.ro\/gradinita-pp2\/?s={search_term_string}"},"query-input":{"@type":"PropertyValueSpecification","valueRequired":true,"valueName":"search_term_string"}}],"inLanguage":"ro-RO"},{"@type":"Person","@id":"https:\/\/www.inreghin.ro\/gradinita-pp2\/#\/schema\/person\/441aee7d6e1ec68a89adbb508b03033e","name":"Colectiv Gr\u0103dini\u021ba PP2","image":{"@type":"ImageObject","inLanguage":"ro-RO","@id":"https:\/\/secure.gravatar.com\/avatar\/3d3dbfaa7f6301d6a3721bfeaa73df0aec03ecd8dbeae5709ee77e51b7e6b011?s=96&d=mm&r=g","url":"https:\/\/secure.gravatar.com\/avatar\/3d3dbfaa7f6301d6a3721bfeaa73df0aec03ecd8dbeae5709ee77e51b7e6b011?s=96&d=mm&r=g","contentUrl":"https:\/\/secure.gravatar.com\/avatar\/3d3dbfaa7f6301d6a3721bfeaa73df0aec03ecd8dbeae5709ee77e51b7e6b011?s=96&d=mm&r=g","caption":"Colectiv Gr\u0103dini\u021ba PP2"},"url":"https:\/\/www.inreghin.ro\/gradinita-pp2\/author\/gradinitapp2\/"}]}},"_links":{"self":[{"href":"https:\/\/www.inreghin.ro\/gradinita-pp2\/wp-json\/wp\/v2\/posts\/1129","targetHints":{"allow":["GET"]}}],"collection":[{"href":"https:\/\/www.inreghin.ro\/gradinita-pp2\/wp-json\/wp\/v2\/posts"}],"about":[{"href":"https:\/\/www.inreghin.ro\/gradinita-pp2\/wp-json\/wp\/v2\/types\/post"}],"author":[{"embeddable":true,"href":"https:\/\/www.inreghin.ro\/gradinita-pp2\/wp-json\/wp\/v2\/users\/5"}],"replies":[{"embeddable":true,"href":"https:\/\/www.inreghin.ro\/gradinita-pp2\/wp-json\/wp\/v2\/comments?post=1129"}],"version-history":[{"count":1,"href":"https:\/\/www.inreghin.ro\/gradinita-pp2\/wp-json\/wp\/v2\/posts\/1129\/revisions"}],"predecessor-version":[{"id":1133,"href":"https:\/\/www.inreghin.ro\/gradinita-pp2\/wp-json\/wp\/v2\/posts\/1129\/revisions\/1133"}],"wp:featuredmedia":[{"embeddable":true,"href":"https:\/\/www.inreghin.ro\/gradinita-pp2\/wp-json\/wp\/v2\/media\/1131"}],"wp:attachment":[{"href":"https:\/\/www.inreghin.ro\/gradinita-pp2\/wp-json\/wp\/v2\/media?parent=1129"}],"wp:term":[{"taxonomy":"category","embeddable":true,"href":"https:\/\/www.inreghin.ro\/gradinita-pp2\/wp-json\/wp\/v2\/categories?post=1129"},{"taxonomy":"post_tag","embeddable":true,"href":"https:\/\/www.inreghin.ro\/gradinita-pp2\/wp-json\/wp\/v2\/tags?post=1129"}],"curies":[{"name":"wp","href":"https:\/\/api.w.org\/{rel}","templated":true}]}}